{"id":7658,"date":"2020-01-14T09:30:14","date_gmt":"2020-01-14T15:30:14","guid":{"rendered":"http:\/\/www.zonaroja.com.mx\/?p=7658"},"modified":"2020-01-14T09:30:18","modified_gmt":"2020-01-14T15:30:18","slug":"continuan-peritajes-de-fiscalia-general-de-la-republica-en-noxhictlan","status":"publish","type":"post","link":"https:\/\/zonaroja.com.mx\/?p=7658","title":{"rendered":"Contin\u00faan peritajes de Fiscal\u00eda General de la Rep\u00fablica en Noxhictl\u00e1n"},"content":{"rendered":"\n<p>Redacci\u00f3n\/Zona\nRoja.<\/p>\n\n\n\n<p>Oaxaca de\nJu\u00e1rez, Oax., 14 de enero de 2020.- A petici\u00f3n de las v\u00edctimas de los hechos\nocurridos el 19 de junio de 2016 en Asunci\u00f3n Nochixtl\u00e1n, Oaxaca, as\u00ed como de la\nFiscal\u00eda General de la Rep\u00fablica (FGR), un equipo multidisciplinario de la\nDefensor\u00eda de los Derechos Humanos del Pueblo de Oaxaca (DDHPO) observa el\ndesarrollo de diligencias y peritajes en la zona.<\/p>\n\n\n\n<p>En un\ncomunicado, el organismo indic\u00f3 que en las acciones que se llevan a cabo del 13\nal 15 de enero, participan 10&nbsp;\nintegrantes de la Coordinaci\u00f3n General de Defensor\u00edas, quienes tienen el\nobjetivo de proteger el derecho de las v\u00edctimas, adem\u00e1s de pugnar porque los\nperitajes cuenten con perspectiva a derechos humanos.<\/p>\n\n\n\n<p>A\u00f1adi\u00f3 que en\nlas diligencias, el agente del Ministerio P\u00fablico Federal encargado de la Carpeta\nde Investigaci\u00f3n, as\u00ed como peritos en ingenier\u00eda y arquitectura, realizan la\nplanimetr\u00eda y altimetr\u00eda en los diversos sitios en los que se registraron los\nhechos violentos.<\/p>\n\n\n\n<p>Expuso que para\ngarantizar la seguridad de los testigos, as\u00ed como de quienes realizan las\ndiligencias, se cuenta con elementos de la Polic\u00eda Estatal, as\u00ed como del\nComisionado Especial para la Atenci\u00f3n de los Hechos ocurridos el 19 de junio\ndel 2016, Asunci\u00f3n Nochixtl\u00e1n, San Pablo Huitzo y Trinidad de Viguera en el\nEstado de Oaxaca.<\/p>\n\n\n\n<p>En las\nacciones tambi\u00e9n participa la presidenta municipal de Asunci\u00f3n Nochixtl\u00e1n,\nLizbeth Victoria Huerta, y elementos de la polic\u00eda municipal, quienes realizan\nrondines de seguridad. <\/p>\n\n\n\n<p>Agreg\u00f3 que la\nDefensor\u00eda del Pueblo de Oaxaca coadyuva en la investigaci\u00f3n con apego a la\nley, pues los hechos ocurridos el 19 de junio de 2016 costaron la vida de ocho\npersonas y causaron lesiones a otras 198,&nbsp;\nde las cuales 155 fueron civiles.<\/p>\n\n\n\n<p>En la\nagresi\u00f3n contra profesores que manten\u00edan un bloqueo carretero, as\u00ed como\nhabitantes de Nochixtl\u00e1n y de otras poblaciones que acudieron ese d\u00eda al\nmercado, fue documentada la participaci\u00f3n de autoridades federales, estatales y\nmunicipales, las cuales accionaron armas de fuego contra la poblaci\u00f3n civil.<\/p>\n\n\n\n<p>\u201cAnte ello,\nresulta fundamental que las v\u00edctimas puedan acceder al derecho a la verdad, justicia,\nreparaci\u00f3n y no repetici\u00f3n de los hechos.&nbsp;\nMientras que es obligaci\u00f3n del Estado establecer mecanismos eficaces\npara que las personas accedan a procesos que impidan que los hechos queden en\nla impunidad.<\/p>\n\n\n\n<p>\u201cEl derecho\na la justicia procura superar los obst\u00e1culos para que las personas puedan ver\nrestituidos sus derechos, propone el efectivo funcionamiento del sistema\njurisdiccional en una forma m\u00e1s cercana&nbsp;\na la realidad social, es adem\u00e1s un v\u00ednculo entre los mecanismos e\ninstituciones de defensa de derechos humanos\u201d, concluy\u00f3.<\/p>\n","protected":false},"excerpt":{"rendered":"<p>Redacci\u00f3n\/Zona Roja. Oaxaca de Ju\u00e1rez, Oax., 14 de enero de 2020.- A petici\u00f3n de las&hellip;<\/p>\n","protected":false},"author":2,"featured_media":7659,"comment_status":"closed","ping_status":"open","sticky":false,"template":"","format":"standard","meta":{"_lmt_disableupdate":"","_lmt_disable":"","_jetpack_memberships_contains_paid_content":false,"footnotes":""},"categories":[109,47],"tags":[128,286],"class_list":["post-7658","post","type-post","status-publish","format-standard","has-post-thumbnail","hentry","category-minuto-a-minuto","category-zona-gris","tag-asuncion-nochixtlan","tag-defensoria-de-los-derechos-humanos-del-pueblo-de-oaxaca"],"jetpack_featured_media_url":"https:\/\/zonaroja.com.mx\/wp-content\/uploads\/2020\/01\/13-enero-Observa-DDHPO-peritaje-7.jpeg","jetpack_sharing_enabled":true,"_links":{"self":[{"href":"https:\/\/zonaroja.com.mx\/index.php?rest_route=\/wp\/v2\/posts\/7658","targetHints":{"allow":["GET"]}}],"collection":[{"href":"https:\/\/zonaroja.com.mx\/index.php?rest_route=\/wp\/v2\/posts"}],"about":[{"href":"https:\/\/zonaroja.com.mx\/index.php?rest_route=\/wp\/v2\/types\/post"}],"author":[{"embeddable":true,"href":"https:\/\/zonaroja.com.mx\/index.php?rest_route=\/wp\/v2\/users\/2"}],"replies":[{"embeddable":true,"href":"https:\/\/zonaroja.com.mx\/index.php?rest_route=%2Fwp%2Fv2%2Fcomments&post=7658"}],"version-history":[{"count":1,"href":"https:\/\/zonaroja.com.mx\/index.php?rest_route=\/wp\/v2\/posts\/7658\/revisions"}],"predecessor-version":[{"id":7660,"href":"https:\/\/zonaroja.com.mx\/index.php?rest_route=\/wp\/v2\/posts\/7658\/revisions\/7660"}],"wp:featuredmedia":[{"embeddable":true,"href":"https:\/\/zonaroja.com.mx\/index.php?rest_route=\/wp\/v2\/media\/7659"}],"wp:attachment":[{"href":"https:\/\/zonaroja.com.mx\/index.php?rest_route=%2Fwp%2Fv2%2Fmedia&parent=7658"}],"wp:term":[{"taxonomy":"category","embeddable":true,"href":"https:\/\/zonaroja.com.mx\/index.php?rest_route=%2Fwp%2Fv2%2Fcategories&post=7658"},{"taxonomy":"post_tag","embeddable":true,"href":"https:\/\/zonaroja.com.mx\/index.php?rest_route=%2Fwp%2Fv2%2Ftags&post=7658"}],"curies":[{"name":"wp","href":"https:\/\/api.w.org\/{rel}","templated":true}]}}