{"id":76597,"date":"2025-01-18T08:50:00","date_gmt":"2025-01-18T14:50:00","guid":{"rendered":"https:\/\/zonaroja.com.mx\/?p=76597"},"modified":"2025-01-18T10:18:41","modified_gmt":"2025-01-18T16:18:41","slug":"culminan-rehabilitacion-de-casa-de-la-cultura-palacio-y-templo-en-juchitan","status":"publish","type":"post","link":"https:\/\/zonaroja.com.mx\/?p=76597","title":{"rendered":"Culminan rehabilitaci\u00f3n de Casa de la Cultura, palacio y templo en Juchit\u00e1n"},"content":{"rendered":"\n<p>Redacci\u00f3n\/Zona Roja.&nbsp;<\/p>\n\n\n\n<p>Oaxaca de Ju\u00e1rez, Oax., a 18 de enero de 2025.- Luego de siete a\u00f1os de trabajos de rehabilitaci\u00f3n, este viernes fueron inauguradas las obras de rehabilitaci\u00f3n del templo de San Vicente Ferrer, la Casa de la Cultura y el palacio municipal de Juchit\u00e1n de Zaragoza.<\/p>\n\n\n\n<p>La actividad fue presidida por el gobernador Salom\u00f3n Jara Cruz y la secretaria de Cultura federal, Claudia Curiel de Icaza, quienes recorrieron los inmuebles hist\u00f3ricos, beneficiados con el Programa Nacional de Reconstrucci\u00f3n (PNR) impulsado por el Gobierno de M\u00e9xico.<\/p>\n\n\n\n<p>El mandatario estatal, junto a la presidenta honoraria del Sistema DIF Oaxaca, Irma Bola\u00f1os Quijano, expres\u00f3 su agradecimiento la administraci\u00f3n que encabeza la Presidenta Claudia Sheinbaum Pardo, por el apoyo a esta municipalidad.&nbsp;<\/p>\n\n\n\n<p>\u201cEl Gobierno del Estado y autoridades municipales hacemos patente la gratitud y reconocimiento por las acciones y obras que como parte de este programa se han realizado en los municipios afectados; a casi nueve a\u00f1os de esta tragedia, Oaxaca est\u00e1 de pie, Juchit\u00e1n est\u00e1 de pie\u201d, afirm\u00f3.<\/p>\n\n\n\n<p>Jara Cruz destac\u00f3 que mediante el Programa Nacional de Reconstrucci\u00f3n se destin\u00f3 a la entidad una inversi\u00f3n aproximada de mil millones de pesos para la reconstrucci\u00f3n de 301 inmuebles hist\u00f3ricos, incluyendo algunos templos.<\/p>\n\n\n\n<p>En su oportunidad, la secretaria de Cultura del Gobierno de M\u00e9xico destac\u00f3 la importancia de la Casa de Cultura de Juchit\u00e1n de Zaragoza, uno de los espacios culturales m\u00e1s importantes del pa\u00eds, fundado por el universal artista pl\u00e1stico oaxaque\u00f1o Francisco Toledo.<\/p>\n\n\n\n<p>\u201cEste acto no se reduce a la construcci\u00f3n; se trata de la preservaci\u00f3n de lugares simb\u00f3licos, de memoria y de un gran legado cultural\u201d, dijo, al tiempo de reiterar el compromiso de trabajo coordinado de la Presidenta Claudia Sheinbaum, con el Gobierno de Oaxaca, para continuar con la labor de brindar vida a espacios.<\/p>\n\n\n\n<p>En tanto, el director general del Instituto Nacional de Antropolog\u00eda e Historia (INAH), Diego Prieto Hern\u00e1ndez destac\u00f3 que este acto simboliza la fuerza, resistencia, resiliencia y capacidad del pueblo juchiteco para levantarse despu\u00e9s de la tragedia.&nbsp;&nbsp;<\/p>\n\n\n\n<p>La reconstrucci\u00f3n de la Casa de Cultura brinda a las y los j\u00f3venes un espacio de aprendizaje por medio de talleres, as\u00ed como de la apreciaci\u00f3n y exhibici\u00f3n de obras art\u00edsticas que puede alojar.<\/p>\n","protected":false},"excerpt":{"rendered":"<p>Redacci\u00f3n\/Zona Roja.&nbsp; Oaxaca de Ju\u00e1rez, Oax., a 18 de enero de 2025.- Luego de siete&hellip;<\/p>\n","protected":false},"author":2,"featured_media":76602,"comment_status":"closed","ping_status":"open","sticky":false,"template":"","format":"standard","meta":{"_lmt_disableupdate":"","_lmt_disable":"","_jetpack_memberships_contains_paid_content":false,"footnotes":""},"categories":[109,46],"tags":[939],"class_list":["post-76597","post","type-post","status-publish","format-standard","has-post-thumbnail","hentry","category-minuto-a-minuto","category-zona-blanca","tag-salomon-jara-cruz"],"jetpack_featured_media_url":"https:\/\/zonaroja.com.mx\/wp-content\/uploads\/2025\/01\/Ghi2kxLW0AAofFd.jpeg","jetpack_sharing_enabled":true,"_links":{"self":[{"href":"https:\/\/zonaroja.com.mx\/index.php?rest_route=\/wp\/v2\/posts\/76597","targetHints":{"allow":["GET"]}}],"collection":[{"href":"https:\/\/zonaroja.com.mx\/index.php?rest_route=\/wp\/v2\/posts"}],"about":[{"href":"https:\/\/zonaroja.com.mx\/index.php?rest_route=\/wp\/v2\/types\/post"}],"author":[{"embeddable":true,"href":"https:\/\/zonaroja.com.mx\/index.php?rest_route=\/wp\/v2\/users\/2"}],"replies":[{"embeddable":true,"href":"https:\/\/zonaroja.com.mx\/index.php?rest_route=%2Fwp%2Fv2%2Fcomments&post=76597"}],"version-history":[{"count":1,"href":"https:\/\/zonaroja.com.mx\/index.php?rest_route=\/wp\/v2\/posts\/76597\/revisions"}],"predecessor-version":[{"id":76604,"href":"https:\/\/zonaroja.com.mx\/index.php?rest_route=\/wp\/v2\/posts\/76597\/revisions\/76604"}],"wp:featuredmedia":[{"embeddable":true,"href":"https:\/\/zonaroja.com.mx\/index.php?rest_route=\/wp\/v2\/media\/76602"}],"wp:attachment":[{"href":"https:\/\/zonaroja.com.mx\/index.php?rest_route=%2Fwp%2Fv2%2Fmedia&parent=76597"}],"wp:term":[{"taxonomy":"category","embeddable":true,"href":"https:\/\/zonaroja.com.mx\/index.php?rest_route=%2Fwp%2Fv2%2Fcategories&post=76597"},{"taxonomy":"post_tag","embeddable":true,"href":"https:\/\/zonaroja.com.mx\/index.php?rest_route=%2Fwp%2Fv2%2Ftags&post=76597"}],"curies":[{"name":"wp","href":"https:\/\/api.w.org\/{rel}","templated":true}]}}