{"id":76605,"date":"2025-01-18T07:33:24","date_gmt":"2025-01-18T13:33:24","guid":{"rendered":"https:\/\/zonaroja.com.mx\/?p=76605"},"modified":"2025-01-18T07:33:27","modified_gmt":"2025-01-18T13:33:27","slug":"asesinan-a-periodista-en-teloyucan-estado-de-mexico","status":"publish","type":"post","link":"https:\/\/zonaroja.com.mx\/?p=76605","title":{"rendered":"Asesinan a periodista en Teloyucan, Estado de M\u00e9xico"},"content":{"rendered":"\n<p>Redacci\u00f3n\/Zona Roja Cdmx.<\/p>\n\n\n\n<p>Ciudad de M\u00e9xico, a 18 de enero de 2025.- Calletano de Jes\u00fas Guerrero, periodista y subdirector de la organizaci\u00f3n Global M\u00e9xico, fue asesinado este viernes 17 de enero en el municipio de Teoloyucan, en el Estado de M\u00e9xico. Seg\u00fan inform\u00f3 la organizaci\u00f3n Article 19, este crimen ocurri\u00f3 apenas d\u00edas despu\u00e9s de que el comunicador recibiera amenazas por parte de un grupo delictivo, el 13 de enero, cuando sujetos de un grupo delictivo acudieron a su domicilio para intimidarlo.<\/p>\n\n\n\n<p>Cabe mencionar que el periodista era beneficiario del Mecanismo de Protecci\u00f3n para Personas Defensoras de Derechos Humanos y Periodistas, un programa dise\u00f1ado por la Secretar\u00eda de Gobernaci\u00f3n (Segob) para salvaguardar la integridad de comunicadores en riesgo. Sin embargo, estas medidas no evitaron su asesinato.<\/p>\n\n\n\n<p>Por su parte, la ONG ha solicitado de manera urgente que el Mecanismo de Protecci\u00f3n coordine acciones con las autoridades del Estado de M\u00e9xico para garantizar la seguridad de los familiares y colegas de Calletano.<\/p>\n\n\n\n<p>Asimismo, inst\u00f3 a la Fiscal\u00eda Especial para la Atenci\u00f3n de Delitos cometidos contra la Libertad de Expresi\u00f3n (FEADLE), dependiente de la Fiscal\u00eda General de la Rep\u00fablica (FGR), a iniciar una investigaci\u00f3n inmediata y exhaustiva, que incluye activar los protocolos homologados para delitos contra la libertad de expresi\u00f3n.<\/p>\n\n\n\n<p>Un informe reciente de Reporteros Sin Fronteras posicion\u00f3 a M\u00e9xico como el tercer pa\u00eds con m\u00e1s asesinatos de periodistas en el mundo, solo detr\u00e1s de Palestina y Pakist\u00e1n. Durante el a\u00f1o 2024, cinco periodistas fueron asesinados en el pa\u00eds, una cifra que, aunque aparentemente es menor a los 17 homicidios registrados en 2022, sigue siendo alarmante.<\/p>\n\n\n\n<p>El informe tambi\u00e9n destaca que M\u00e9xico concentra m\u00e1s del 30 por ciento de los casos de periodistas desaparecidos a nivel mundial, con 30 comunicadores cuyo paradero segu\u00eda siendo desconocido hasta finales del 2024.<\/p>\n\n\n\n<p>La violencia contra periodistas en M\u00e9xico no solo se limita a asesinatos y desapariciones, puesto que hay localidades en donde la prensa enfrenta ataques directos, que incluyen intervenciones con lujo de violencia en oficinas e instalaciones de medios.<\/p>\n\n\n\n<p>De acuerdo con algunos defensores de derechos de los periodistas y comunicadores, la falta de reformas estructurales y acciones contundentes por parte del gobierno ha perpetuado esta crisis. Desde la entrada de Claudia Sheinbaum al frente del Ejecutivo Federal, se han registrado tres asesinatos a periodistas, que incluyen la reciente declaraci\u00f3n de Calletano de Jes\u00fas Guerrero, quien se uni\u00f3 a Mauricio Cruz, asesinado en Michoac\u00e1n y Patricia Ram\u00edrez en Colima.<\/p>\n\n\n\n<p>De igual manera, activistas aseguraron que la situaci\u00f3n es mucho m\u00e1s cr\u00edtica para periodistas independientes y medios peque\u00f1os, quienes carecen de recursos para protegerse y son m\u00e1s vulnerables a los ataques.<\/p>\n\n\n\n<p>(Informaci\u00f3n de Infobae M\u00e9xico)<\/p>\n","protected":false},"excerpt":{"rendered":"<p>Redacci\u00f3n\/Zona Roja Cdmx. Ciudad de M\u00e9xico, a 18 de enero de 2025.- Calletano de Jes\u00fas&hellip;<\/p>\n","protected":false},"author":2,"featured_media":65270,"comment_status":"closed","ping_status":"open","sticky":false,"template":"","format":"standard","meta":{"_lmt_disableupdate":"","_lmt_disable":"","_jetpack_memberships_contains_paid_content":false,"footnotes":""},"categories":[109,51],"tags":[4166],"class_list":["post-76605","post","type-post","status-publish","format-standard","has-post-thumbnail","hentry","category-minuto-a-minuto","category-zona-roja","tag-calletano-de-jesus-guerrero"],"jetpack_featured_media_url":"https:\/\/zonaroja.com.mx\/wp-content\/uploads\/2024\/02\/Prensa-agresiones-a-periodistas-protesta.jpeg","jetpack_sharing_enabled":true,"_links":{"self":[{"href":"https:\/\/zonaroja.com.mx\/index.php?rest_route=\/wp\/v2\/posts\/76605","targetHints":{"allow":["GET"]}}],"collection":[{"href":"https:\/\/zonaroja.com.mx\/index.php?rest_route=\/wp\/v2\/posts"}],"about":[{"href":"https:\/\/zonaroja.com.mx\/index.php?rest_route=\/wp\/v2\/types\/post"}],"author":[{"embeddable":true,"href":"https:\/\/zonaroja.com.mx\/index.php?rest_route=\/wp\/v2\/users\/2"}],"replies":[{"embeddable":true,"href":"https:\/\/zonaroja.com.mx\/index.php?rest_route=%2Fwp%2Fv2%2Fcomments&post=76605"}],"version-history":[{"count":1,"href":"https:\/\/zonaroja.com.mx\/index.php?rest_route=\/wp\/v2\/posts\/76605\/revisions"}],"predecessor-version":[{"id":76606,"href":"https:\/\/zonaroja.com.mx\/index.php?rest_route=\/wp\/v2\/posts\/76605\/revisions\/76606"}],"wp:featuredmedia":[{"embeddable":true,"href":"https:\/\/zonaroja.com.mx\/index.php?rest_route=\/wp\/v2\/media\/65270"}],"wp:attachment":[{"href":"https:\/\/zonaroja.com.mx\/index.php?rest_route=%2Fwp%2Fv2%2Fmedia&parent=76605"}],"wp:term":[{"taxonomy":"category","embeddable":true,"href":"https:\/\/zonaroja.com.mx\/index.php?rest_route=%2Fwp%2Fv2%2Fcategories&post=76605"},{"taxonomy":"post_tag","embeddable":true,"href":"https:\/\/zonaroja.com.mx\/index.php?rest_route=%2Fwp%2Fv2%2Ftags&post=76605"}],"curies":[{"name":"wp","href":"https:\/\/api.w.org\/{rel}","templated":true}]}}