{"id":76607,"date":"2025-01-18T09:40:00","date_gmt":"2025-01-18T15:40:00","guid":{"rendered":"https:\/\/zonaroja.com.mx\/?p=76607"},"modified":"2025-01-18T07:41:04","modified_gmt":"2025-01-18T13:41:04","slug":"para-fiscalia-son-siete-desaparecidos-en-la-costa-fortalece-busquedas","status":"publish","type":"post","link":"https:\/\/zonaroja.com.mx\/?p=76607","title":{"rendered":"Para Fiscal\u00eda, son siete desaparecidos en la Costa; fortalece b\u00fasquedas"},"content":{"rendered":"\n<p>Raymundo Morales\/Zona Roja.<\/p>\n\n\n\n<p>Oaxaca de Ju\u00e1rez, Oax., a 18 de enero de 2025.- Para la Fiscal\u00eda General del Estado de Oaxaca, el n\u00famero de personas desaparecidas recientemente en la regi\u00f3n Costa sigue siendo siete.<\/p>\n\n\n\n<p>El octavo caso dado a conocer el jueves por la titular de la Comisi\u00f3n Estatal de B\u00fasqueda, Michel Juli\u00e1n, no est\u00e1 relacionado con los hechos recientes, refieren las autoridades ministeriales.<\/p>\n\n\n\n<p>El \u00f3rgano de procuraci\u00f3n de justicia dio a conocer que focaliz\u00f3 los operativos en la zona coste\u00f1a para dar con el paradero de siete personas reportadas como No Localizadas en los Valles Centrales.<\/p>\n\n\n\n<p>Detall\u00f3 que participan equipos multidisciplinarios y est\u00e1n involucradas \u00e1reas estrat\u00e9gicas, as\u00ed como herramientas de an\u00e1lisis y contexto que han permitido orientar la b\u00fasquedas espec\u00edficas en la regi\u00f3n de la Costa, ya que derivado de los trabajos de inteligencia fue posible establecer directrices que sugieren que las v\u00edctimas estuvieron en esa zona.&nbsp;<\/p>\n\n\n\n<p>Asimismo, las tareas toman parte personal de la Vicefiscal\u00eda General de Atenci\u00f3n a V\u00edctimas, la Unidad de B\u00fasqueda de Personas No Localizadas, Vicefiscal\u00eda Regional de la Costa, la Unidad Especializada en Desaparici\u00f3n Forzada.<\/p>\n\n\n\n<p>Adem\u00e1s de la Unidad de Combate al Secuestro, elementos de la Agencia Estatal de Investigaciones, as\u00ed como personal de la Guardia Nacional, Secretar\u00eda de la Defensa (Defensa), Secretar\u00eda de la Mariana, elementos de la Polic\u00eda Estatal y personal de la Comisi\u00f3n Estatal de B\u00fasqueda.<\/p>\n\n\n\n<p>La Fiscal\u00eda de Oaxaca puntualiz\u00f3 que se lleva a cabo un despliegue log\u00edstico y equipo tecnol\u00f3gico que se suman a los trabajos de an\u00e1lisis y contexto, as\u00ed como de inteligencia criminal, labores en las que intervienen equipos multidisciplinarios para darle a las investigaciones un enfoque integral.<\/p>\n\n\n\n<p>Las denuncias sobre la no localizaci\u00f3n de las siete personas las recibi\u00f3 la FGEO entre el 11 y 14 de enero, los familiares de las v\u00edctimas indicaron que fueron vistos por \u00faltima vez en diferentes puntos de la regi\u00f3n de Valles Centrales.<\/p>\n\n\n\n<p>Garantiz\u00f3 que los procesos se realizan con estricto apego a los protocolos de b\u00fasqueda de personas para dar certeza a las v\u00edctimas directas e indirectas.<\/p>\n","protected":false},"excerpt":{"rendered":"<p>Raymundo Morales\/Zona Roja. Oaxaca de Ju\u00e1rez, Oax., a 18 de enero de 2025.- Para la&hellip;<\/p>\n","protected":false},"author":2,"featured_media":76600,"comment_status":"closed","ping_status":"open","sticky":false,"template":"","format":"standard","meta":{"_lmt_disableupdate":"","_lmt_disable":"","_jetpack_memberships_contains_paid_content":false,"footnotes":""},"categories":[109,46],"tags":[494],"class_list":["post-76607","post","type-post","status-publish","format-standard","has-post-thumbnail","hentry","category-minuto-a-minuto","category-zona-blanca","tag-fiscalia-general-del-estado-de-oaxaca"],"jetpack_featured_media_url":"https:\/\/zonaroja.com.mx\/wp-content\/uploads\/2025\/01\/Fiscalia-busqueda-de-desaparecidos-Costa-Oaxaca.jpg","jetpack_sharing_enabled":true,"_links":{"self":[{"href":"https:\/\/zonaroja.com.mx\/index.php?rest_route=\/wp\/v2\/posts\/76607","targetHints":{"allow":["GET"]}}],"collection":[{"href":"https:\/\/zonaroja.com.mx\/index.php?rest_route=\/wp\/v2\/posts"}],"about":[{"href":"https:\/\/zonaroja.com.mx\/index.php?rest_route=\/wp\/v2\/types\/post"}],"author":[{"embeddable":true,"href":"https:\/\/zonaroja.com.mx\/index.php?rest_route=\/wp\/v2\/users\/2"}],"replies":[{"embeddable":true,"href":"https:\/\/zonaroja.com.mx\/index.php?rest_route=%2Fwp%2Fv2%2Fcomments&post=76607"}],"version-history":[{"count":1,"href":"https:\/\/zonaroja.com.mx\/index.php?rest_route=\/wp\/v2\/posts\/76607\/revisions"}],"predecessor-version":[{"id":76608,"href":"https:\/\/zonaroja.com.mx\/index.php?rest_route=\/wp\/v2\/posts\/76607\/revisions\/76608"}],"wp:featuredmedia":[{"embeddable":true,"href":"https:\/\/zonaroja.com.mx\/index.php?rest_route=\/wp\/v2\/media\/76600"}],"wp:attachment":[{"href":"https:\/\/zonaroja.com.mx\/index.php?rest_route=%2Fwp%2Fv2%2Fmedia&parent=76607"}],"wp:term":[{"taxonomy":"category","embeddable":true,"href":"https:\/\/zonaroja.com.mx\/index.php?rest_route=%2Fwp%2Fv2%2Fcategories&post=76607"},{"taxonomy":"post_tag","embeddable":true,"href":"https:\/\/zonaroja.com.mx\/index.php?rest_route=%2Fwp%2Fv2%2Ftags&post=76607"}],"curies":[{"name":"wp","href":"https:\/\/api.w.org\/{rel}","templated":true}]}}