{"id":76609,"date":"2025-01-18T11:41:00","date_gmt":"2025-01-18T17:41:00","guid":{"rendered":"https:\/\/zonaroja.com.mx\/?p=76609"},"modified":"2025-01-18T07:52:15","modified_gmt":"2025-01-18T13:52:15","slug":"destinaran-casi-300-mdp-a-seguridad-en-oaxaca-tercera-inversion-mas-alta","status":"publish","type":"post","link":"https:\/\/zonaroja.com.mx\/?p=76609","title":{"rendered":"Destinar\u00e1n casi 300 mdp a seguridad en Oaxaca; tercera inversi\u00f3n m\u00e1s alta"},"content":{"rendered":"\n<p>Redacci\u00f3n\/Zona Roja.<\/p>\n\n\n\n<p>Oaxaca de Ju\u00e1rez, Oax., a 18 de enero de 2025.- Derivado de los acuerdos alcanzados en la Quincuag\u00e9sima Sesi\u00f3n Ordinaria del Consejo Nacional de Seguridad P\u00fablica, en Oaxaca se destinan este a\u00f1o 298 millones 159 mil 916 pesos a acciones de seguridad.<\/p>\n\n\n\n<p>Lo anterior coloca a la entidad como la tercera en el pa\u00eds con mayor presupuesto asignado para el fortalecimiento de la seguridad para el ejercicio fiscal 2025, de acuerdo con los datos publicados en el Diario Oficial de la Federaci\u00f3n (DOF).<\/p>\n\n\n\n<p>En un comunicado, el gobierno estatal detall\u00f3 a trav\u00e9s del Secretariado Ejecutivo del Sistema Estatal de Seguridad P\u00fablica (SESESP) que se aprob\u00f3 un recurso por 263 millones 453 mil 889 pesos del Fondo de Aportaciones para la Seguridad P\u00fablica (FASP).&nbsp;<\/p>\n\n\n\n<p>Adem\u00e1s, el Fondo para el Fortalecimiento de las Instituciones de Seguridad P\u00fablica (FOFISP) asign\u00f3 un presupuesto de 34 millones 706 mil 27 pesos, con lo cual, Oaxaca se convierte en uno de los estados que mayor inversi\u00f3n destina a la seguridad de sus habitantes.<\/p>\n\n\n\n<p>Aunado a este recurso federal, se sumar\u00e1 lo destinado por el gobierno estatal para robustecer las acciones y resarcir las carencias que existen en la materia en los 570 municipios, de las ocho regiones y se continuar\u00e1 trabajando de la mano con los tres \u00f3rdenes de gobierno.<\/p>\n\n\n\n<p>Estos recursos ser\u00e1n destinados a reforzar las capacidades operativas, tecnol\u00f3gicas y de profesionalizaci\u00f3n de las corporaciones de seguridad p\u00fablica en la entidad, con el prop\u00f3sito de garantizar la tranquilidad y el bienestar de las familias oaxaque\u00f1as.&nbsp;<\/p>\n\n\n\n<p>De esta manera, los gobiernos federal y estatal coordinan esfuerzos y mantienen el firme compromiso de trabajar para mejorar las condiciones de paz de la ciudadan\u00eda y mantener al estado dentro de los m\u00e1s seguros del pa\u00eds, indic\u00f3 la autoridad estatal.<\/p>\n","protected":false},"excerpt":{"rendered":"<p>Redacci\u00f3n\/Zona Roja. Oaxaca de Ju\u00e1rez, Oax., a 18 de enero de 2025.- Derivado de los&hellip;<\/p>\n","protected":false},"author":2,"featured_media":76610,"comment_status":"closed","ping_status":"open","sticky":false,"template":"","format":"standard","meta":{"_lmt_disableupdate":"","_lmt_disable":"","_jetpack_memberships_contains_paid_content":false,"footnotes":""},"categories":[109,46],"tags":[],"class_list":["post-76609","post","type-post","status-publish","format-standard","has-post-thumbnail","hentry","category-minuto-a-minuto","category-zona-blanca"],"jetpack_featured_media_url":"https:\/\/zonaroja.com.mx\/wp-content\/uploads\/2025\/01\/SESESP-1.jpg","jetpack_sharing_enabled":true,"_links":{"self":[{"href":"https:\/\/zonaroja.com.mx\/index.php?rest_route=\/wp\/v2\/posts\/76609","targetHints":{"allow":["GET"]}}],"collection":[{"href":"https:\/\/zonaroja.com.mx\/index.php?rest_route=\/wp\/v2\/posts"}],"about":[{"href":"https:\/\/zonaroja.com.mx\/index.php?rest_route=\/wp\/v2\/types\/post"}],"author":[{"embeddable":true,"href":"https:\/\/zonaroja.com.mx\/index.php?rest_route=\/wp\/v2\/users\/2"}],"replies":[{"embeddable":true,"href":"https:\/\/zonaroja.com.mx\/index.php?rest_route=%2Fwp%2Fv2%2Fcomments&post=76609"}],"version-history":[{"count":1,"href":"https:\/\/zonaroja.com.mx\/index.php?rest_route=\/wp\/v2\/posts\/76609\/revisions"}],"predecessor-version":[{"id":76611,"href":"https:\/\/zonaroja.com.mx\/index.php?rest_route=\/wp\/v2\/posts\/76609\/revisions\/76611"}],"wp:featuredmedia":[{"embeddable":true,"href":"https:\/\/zonaroja.com.mx\/index.php?rest_route=\/wp\/v2\/media\/76610"}],"wp:attachment":[{"href":"https:\/\/zonaroja.com.mx\/index.php?rest_route=%2Fwp%2Fv2%2Fmedia&parent=76609"}],"wp:term":[{"taxonomy":"category","embeddable":true,"href":"https:\/\/zonaroja.com.mx\/index.php?rest_route=%2Fwp%2Fv2%2Fcategories&post=76609"},{"taxonomy":"post_tag","embeddable":true,"href":"https:\/\/zonaroja.com.mx\/index.php?rest_route=%2Fwp%2Fv2%2Ftags&post=76609"}],"curies":[{"name":"wp","href":"https:\/\/api.w.org\/{rel}","templated":true}]}}