{"id":7661,"date":"2020-01-14T10:05:18","date_gmt":"2020-01-14T16:05:18","guid":{"rendered":"http:\/\/www.zonaroja.com.mx\/?p=7661"},"modified":"2020-01-14T10:05:24","modified_gmt":"2020-01-14T16:05:24","slug":"reconocen-a-nivel-nacional-iniciativa-de-oaxaqueno-a-favor-de-la-comunidad-lgbt","status":"publish","type":"post","link":"https:\/\/zonaroja.com.mx\/?p=7661","title":{"rendered":"Reconocen a nivel nacional iniciativa de oaxaque\u00f1o a favor de la comunidad LGBT"},"content":{"rendered":"\n<p>Evlin\nArag\u00f3n\/Zona Roja.<\/p>\n\n\n\n<p>Oaxaca de\nJu\u00e1rez, Oax., 14 de enero de 2020.- La idea de impulsar una Defensor\u00eda\nEspecializada en Comunidad LGBT al interior de la Facultad de Derecho Y\nCiencias Sociales de la Universidad Aut\u00f3noma \u201cBenito Ju\u00e1rez\u201d de Oaxaca, llev\u00f3 a\nGustavo Oswaldo Salvador Alcal\u00e1 a ganar un lugar en el programa nacional\n\u201cFortal\u00e9cete LGBT 2019\u201d impulsado por Asistencia Legal por los Derechos Humanos\n(As\u00edLEGAL) y YAAJ M\u00e9xico.<\/p>\n\n\n\n<p>Se trata de\nun programa anual que surge como iniciativa a favor de los derechos humanos de\nla comunidad de la diversidad sexual de M\u00e9xico, a trav\u00e9s de procesos de\ncapacitaci\u00f3n, debido a la necesidad de involucrar nuevas perspectiva y\npropuestas en procesos de desarrollo comunitario o incidencia.<\/p>\n\n\n\n<p>Gustavo\nOswaldo, estudiante del s\u00e9ptimo semestre de la licenciatura en Derechos y\nCiencias Sociales de la UABJO, fue uno de los dos oaxaque\u00f1os que lograron\nimpresionar a las organizaciones a nivel nacional y se unieron a la lista de\nj\u00f3venes que se capacitaron en materia de derechos humanos en la Ciudad de\nMexico a finales del 2019.&nbsp; <\/p>\n\n\n\n<p>Con la firme\nconvicci\u00f3n de contrarrestar la discriminaci\u00f3n y contribuir a la construcci\u00f3n de\nun pa\u00eds democr\u00e1tico, el oaxaque\u00f1o propuso establecer la Defensor\u00eda\nEspecializada en temas LGBT al interior de la facultad, con el prop\u00f3sito de\nsensibilizar a estudiantes y docentes, as\u00ed como ofrecer servicios de asesor\u00eda\njur\u00eddica a quienes lo requieran. <\/p>\n\n\n\n<p>Su inquietud\nse debe en parte a su propia experiencia y a que asegura muchos activistas de\nla comunidad LGBT carecen de conocimientos legales y al buscar asesor\u00eda\njur\u00eddica, se encuentran con abogados y abogadas que no ti tienen claridad en el\ntema, ni en la diferencia entre sexo, g\u00e9nero e identidad y poco o nada les\npueden ayudar.<\/p>\n\n\n\n<p>\u201cEs por eso\nque la mayor\u00eda nos convertimos en activistas porque tuvimos experiencias\ndolorosas y no queremos que nadie m\u00e1s pase por lo mismo\u201d, expres\u00f3. <\/p>\n\n\n\n<p>El joven\nestudiante de la UABJO se dijo orgulloso de ser uno de los seis seleccionados\nen el pa\u00eds que realiz\u00f3 la residencia \u201cFortal\u00e9cete LGBT 2019\u201d, por la viabilidad\ny relevancia de su propuesta, con la premisa de que lo que no se visibiliza, no\nexiste.<\/p>\n\n\n\n<p>Los dem\u00e1s\nproyectos correspondes a j\u00f3venes que habitan en Toluca, Chiapas, Zacatecas y\nTamaulipas quienes tambi\u00e9n contaron con el respaldo de las dos asociaciones\nnacionales convocantes.<\/p>\n\n\n\n<p>Finalmente,\nGustavo Oswaldo invit\u00f3 a la comunidad universitaria a crear proyectos e\niniciativas con diferentes tem\u00e1ticas y desde distintas \u00e1reas del conocimiento\npara contribuir a un mejor desarrollo social. <\/p>\n\n\n\n<p>Cabe se\u00f1alar\nque Asistencia Legal por los Derechos Humanos (As\u00edLEGAL) y YAAJ M\u00e9xico, cuentan\ncon programas&nbsp; enfocados a personas LGTB+\n(lesbianas, gays, bisexuales, transg\u00e9nero, transexuales, travestis y otras\nidentidades o expresiones de g\u00e9nero), a fin de promover y construir una\nsociedad m\u00e1s incluyente, desde una perspectiva de derechos humanos, g\u00e9nero y\ndiversidad.<\/p>\n","protected":false},"excerpt":{"rendered":"<p>Evlin Arag\u00f3n\/Zona Roja. Oaxaca de Ju\u00e1rez, Oax., 14 de enero de 2020.- La idea de&hellip;<\/p>\n","protected":false},"author":2,"featured_media":7662,"comment_status":"closed","ping_status":"open","sticky":false,"template":"","format":"standard","meta":{"_lmt_disableupdate":"","_lmt_disable":"","_jetpack_memberships_contains_paid_content":false,"footnotes":""},"categories":[109,46],"tags":[1278,282],"class_list":["post-7661","post","type-post","status-publish","format-standard","has-post-thumbnail","hentry","category-minuto-a-minuto","category-zona-blanca","tag-gustavo-oswaldo-salvador-alcala","tag-universidad-autonoma-benito-juarez-de-oaxaca"],"jetpack_featured_media_url":"https:\/\/zonaroja.com.mx\/wp-content\/uploads\/2020\/01\/UABJO-LGTB.jpg","jetpack_sharing_enabled":true,"_links":{"self":[{"href":"https:\/\/zonaroja.com.mx\/index.php?rest_route=\/wp\/v2\/posts\/7661","targetHints":{"allow":["GET"]}}],"collection":[{"href":"https:\/\/zonaroja.com.mx\/index.php?rest_route=\/wp\/v2\/posts"}],"about":[{"href":"https:\/\/zonaroja.com.mx\/index.php?rest_route=\/wp\/v2\/types\/post"}],"author":[{"embeddable":true,"href":"https:\/\/zonaroja.com.mx\/index.php?rest_route=\/wp\/v2\/users\/2"}],"replies":[{"embeddable":true,"href":"https:\/\/zonaroja.com.mx\/index.php?rest_route=%2Fwp%2Fv2%2Fcomments&post=7661"}],"version-history":[{"count":1,"href":"https:\/\/zonaroja.com.mx\/index.php?rest_route=\/wp\/v2\/posts\/7661\/revisions"}],"predecessor-version":[{"id":7663,"href":"https:\/\/zonaroja.com.mx\/index.php?rest_route=\/wp\/v2\/posts\/7661\/revisions\/7663"}],"wp:featuredmedia":[{"embeddable":true,"href":"https:\/\/zonaroja.com.mx\/index.php?rest_route=\/wp\/v2\/media\/7662"}],"wp:attachment":[{"href":"https:\/\/zonaroja.com.mx\/index.php?rest_route=%2Fwp%2Fv2%2Fmedia&parent=7661"}],"wp:term":[{"taxonomy":"category","embeddable":true,"href":"https:\/\/zonaroja.com.mx\/index.php?rest_route=%2Fwp%2Fv2%2Fcategories&post=7661"},{"taxonomy":"post_tag","embeddable":true,"href":"https:\/\/zonaroja.com.mx\/index.php?rest_route=%2Fwp%2Fv2%2Ftags&post=7661"}],"curies":[{"name":"wp","href":"https:\/\/api.w.org\/{rel}","templated":true}]}}