{"id":76614,"date":"2025-01-18T12:30:00","date_gmt":"2025-01-18T18:30:00","guid":{"rendered":"https:\/\/zonaroja.com.mx\/?p=76614"},"modified":"2025-01-18T07:56:54","modified_gmt":"2025-01-18T13:56:54","slug":"america-latina-se-une-ante-amenazas-de-trump-sobre-deportaciones-masivas","status":"publish","type":"post","link":"https:\/\/zonaroja.com.mx\/?p=76614","title":{"rendered":"Am\u00e9rica Latina se une ante amenazas de Trump sobre deportaciones masivas"},"content":{"rendered":"\n<p>Redacci\u00f3n\/Zona Roja Cdmx.<\/p>\n\n\n\n<p>Ciudad de M\u00e9xico, a 18 de enero de 2025.- Jefes diplom\u00e1ticos de diez pa\u00edses de Am\u00e9rica Latina y el Caribe expresaron su \u00abgrave preocupaci\u00f3n\u00bb por el anuncio de una deportaci\u00f3n masiva de personas migrantes, una medida que consideran incompatible con los derechos humanos, seg\u00fan una declaraci\u00f3n conjunta publicada este viernes.<\/p>\n\n\n\n<p>El pronunciamiento, que no atribuye esta medida a ning\u00fan pa\u00eds, alude al anuncio del presidente electo de Estados Unidos, Donald Trump, quien ha prometido ordenar el mayor operativo de deportaci\u00f3n de extranjeros en la historia de esa naci\u00f3n, apenas asuma el cargo el pr\u00f3ximo lunes.<\/p>\n\n\n\n<p>\u00abSon motivo de grave preocupaci\u00f3n los anuncios de deportaci\u00f3n masiva, sobre todo por su incompatibilidad con los principios fundamentales de los derechos humanos y por no abordar de modo eficaz las causas estructurales de la migraci\u00f3n\u00bb, se\u00f1ala la declaraci\u00f3n, divulgada por la Secretar\u00eda de Relaciones Exteriores (SRE) de M\u00e9xico.<\/p>\n\n\n\n<p>La canciller\u00eda realiz\u00f3 adem\u00e1s un llamado a todos los pa\u00edses del hemisferio a conducirse con apego al derecho internacional, a los derechos humanos y a las legislaciones internas para gestionar la migraci\u00f3n \u00abcon un enfoque humanista, particularmente ante la amenaza de deportaciones masivas\u00bb.<\/p>\n\n\n\n<p>\u00abReafirmamos que todas las personas migrantes, independientemente de su situaci\u00f3n migratoria, tienen derechos fundamentales e inalienables, y que todos los Estados est\u00e1n obligados a respetarlos, protegerlos y a procurar adoptar medidas para su plena realizaci\u00f3n\u00bb, a\u00f1ade la declaraci\u00f3n, que consta de 14 puntos.<\/p>\n\n\n\n<p>Los pa\u00edses firmantes, Brasil, Belice, Colombia, Cuba, El Salvador, Guatemala, Hait\u00ed, Honduras, M\u00e9xico y Venezuela (casi todos emisores de migrantes), se comprometen adem\u00e1s a \u00abdefender los derechos humanos de todas las personas migrantes\u201d.<\/p>\n\n\n\n<p>Esto incluye \u00abrechazar su criminalizaci\u00f3n en todas las etapas del ciclo migratorio\u00bb y \u00abprotegerlas prioritariamente de la delincuencia transnacional organizada que se lucra de la migraci\u00f3n\u00bb, a\u00f1ade el documento.<\/p>\n\n\n\n<p>La declaraci\u00f3n conjunta tambi\u00e9n sugiere reactivar las reuniones sobre migraci\u00f3n de la Comunidad de Estados Latinoamericanos y Caribe\u00f1os (CELAC) con el fin de tener \u00abun espacio amplio de discusi\u00f3n de propuestas\u00bb para atender esta problem\u00e1tica.<\/p>\n\n\n\n<p>La reuni\u00f3n regional sobre \u00abMovilidad Humana en la Ruta Norte del Continente\u00bb fue convocada por el gobierno mexicano atendiendo una iniciativa de la presidenta Claudia Sheinbaum y de su par hondure\u00f1a Xiomara Castro, inform\u00f3 la SRE.<\/p>\n\n\n\n<p>Durante dicho encuentro, el canciller mexicano Juan Ram\u00f3n de la Fuente asegur\u00f3 que las naciones de la regi\u00f3n tenemos que estar preparadas para afrontar los nuevos desaf\u00edos en materia de movilidad humana y hacerlo de manera conjunta.<\/p>\n\n\n\n<p>(Informaci\u00f3n de la agencia AFP en \u201cEl Economista\u201d)<\/p>\n","protected":false},"excerpt":{"rendered":"<p>Redacci\u00f3n\/Zona Roja Cdmx. Ciudad de M\u00e9xico, a 18 de enero de 2025.- Jefes diplom\u00e1ticos de&hellip;<\/p>\n","protected":false},"author":2,"featured_media":65705,"comment_status":"closed","ping_status":"open","sticky":false,"template":"","format":"standard","meta":{"_lmt_disableupdate":"","_lmt_disable":"","_jetpack_memberships_contains_paid_content":false,"footnotes":""},"categories":[109,47],"tags":[4167],"class_list":["post-76614","post","type-post","status-publish","format-standard","has-post-thumbnail","hentry","category-minuto-a-minuto","category-zona-gris","tag-deportacion-de-migrantes-en-eu"],"jetpack_featured_media_url":"https:\/\/zonaroja.com.mx\/wp-content\/uploads\/2024\/02\/Migrantes-migracion.jpg","jetpack_sharing_enabled":true,"_links":{"self":[{"href":"https:\/\/zonaroja.com.mx\/index.php?rest_route=\/wp\/v2\/posts\/76614","targetHints":{"allow":["GET"]}}],"collection":[{"href":"https:\/\/zonaroja.com.mx\/index.php?rest_route=\/wp\/v2\/posts"}],"about":[{"href":"https:\/\/zonaroja.com.mx\/index.php?rest_route=\/wp\/v2\/types\/post"}],"author":[{"embeddable":true,"href":"https:\/\/zonaroja.com.mx\/index.php?rest_route=\/wp\/v2\/users\/2"}],"replies":[{"embeddable":true,"href":"https:\/\/zonaroja.com.mx\/index.php?rest_route=%2Fwp%2Fv2%2Fcomments&post=76614"}],"version-history":[{"count":1,"href":"https:\/\/zonaroja.com.mx\/index.php?rest_route=\/wp\/v2\/posts\/76614\/revisions"}],"predecessor-version":[{"id":76615,"href":"https:\/\/zonaroja.com.mx\/index.php?rest_route=\/wp\/v2\/posts\/76614\/revisions\/76615"}],"wp:featuredmedia":[{"embeddable":true,"href":"https:\/\/zonaroja.com.mx\/index.php?rest_route=\/wp\/v2\/media\/65705"}],"wp:attachment":[{"href":"https:\/\/zonaroja.com.mx\/index.php?rest_route=%2Fwp%2Fv2%2Fmedia&parent=76614"}],"wp:term":[{"taxonomy":"category","embeddable":true,"href":"https:\/\/zonaroja.com.mx\/index.php?rest_route=%2Fwp%2Fv2%2Fcategories&post=76614"},{"taxonomy":"post_tag","embeddable":true,"href":"https:\/\/zonaroja.com.mx\/index.php?rest_route=%2Fwp%2Fv2%2Ftags&post=76614"}],"curies":[{"name":"wp","href":"https:\/\/api.w.org\/{rel}","templated":true}]}}