{"id":76619,"date":"2025-01-18T13:59:00","date_gmt":"2025-01-18T19:59:00","guid":{"rendered":"https:\/\/zonaroja.com.mx\/?p=76619"},"modified":"2025-01-18T08:08:25","modified_gmt":"2025-01-18T14:08:25","slug":"exhiben-en-el-congreso-obras-artisticas-de-personas-con-discapacidad","status":"publish","type":"post","link":"https:\/\/zonaroja.com.mx\/?p=76619","title":{"rendered":"Exhiben en el Congreso obras art\u00edsticas de personas con discapacidad"},"content":{"rendered":"\n<p>Redacci\u00f3n\/Zona Roja.<\/p>\n\n\n\n<p>Oaxaca de Ju\u00e1rez, Oax., a 18 de enero de 2025.- Con el prop\u00f3sito de resaltar el valor art\u00edstico de las personas con discapacidad, romper las barreras de exclusi\u00f3n y recaudar fondos destinados para su desarrollo en los \u00e1mbitos educativos, cultural y para su rehabilitaci\u00f3n, el Congreso de Oaxaca a trav\u00e9s de la Comisi\u00f3n Permanente de Atenci\u00f3n a Grupos en Situaci\u00f3n de Vulnerabilidad inaugur\u00f3 la exposici\u00f3n \u201cMiradas Perif\u00e9ricas\u201d.<\/p>\n\n\n\n<p>La muestra a cargo del maestro Pedro Edgardo Miranda Gij\u00f3n, reconocido artista oaxaque\u00f1o con discapacidad visual, galardonado con el Premio Nacional de Periodismo por el documental Camino de Inclusi\u00f3n: Revelarse a ciegas, re\u00fane 22 piezas con el trabajo de 20 artistas, la cual estar\u00e1 abierta al p\u00fablico hasta el 20 de enero en el lobby del edificio de diputadas y diputados.<\/p>\n\n\n\n<p>La diputada presidenta del \u00f3rgano legislativo antes citado, Kelly Jannet Cabrera Gonz\u00e1lez, mencion\u00f3 que esta exposici\u00f3n no solo busca reconocer el talento de las y los artistas participantes, sino tambi\u00e9n recaudar fondos destinados para su desarrollo integral y de esta manera transformar las iniciativas culturales en herramientas de impacto social directo.<\/p>\n\n\n\n<p>Durante el acto inaugural se invit\u00f3 a las personas espectadoras a sumergirse en un universo creativo lleno de colores vibrantes y emociones profundas, reflejando su percepci\u00f3n \u00fanica del mundo.<\/p>\n\n\n\n<p>Durante su participaci\u00f3n en esta actividad, el presidente de la Junta de Coordinaci\u00f3n Pol\u00edtica (Jucopo), Benjam\u00edn Viveros, subray\u00f3 la relevancia de abrir espacios inclusivos que permitan visibilizar el talento y los esfuerzos para derribar las barreras que enfrentan las personas con discapacidad.<\/p>\n\n\n\n<p>Y resalt\u00f3 que iniciativas como \u00e9sta fortalecen el compromiso social del Poder Legislativo hacia la inclusi\u00f3n y la equidad.<\/p>\n\n\n\n<p>Este evento cont\u00f3 con la asistencia del presidente de la Comisi\u00f3n Permanente de Derechos Humanos, diputado Isaac L\u00f3pez L\u00f3pez; la procuradora de la Defensa de las Personas con Discapacidad (Propcd) del Sistema&nbsp;Estatal para el Desarrollo Integral de la Familia (DIF)&nbsp;Oaxaca, Violeta Alc\u00e1ntara Ram\u00edrez, as\u00ed como representantes de los Grupos Parlamentarios de Morena y del Partido Revolucionario Institucional (PRI), quienes respaldaron este significativo evento inclusivo.<\/p>\n","protected":false},"excerpt":{"rendered":"<p>Redacci\u00f3n\/Zona Roja. Oaxaca de Ju\u00e1rez, Oax., a 18 de enero de 2025.- Con el prop\u00f3sito&hellip;<\/p>\n","protected":false},"author":2,"featured_media":76599,"comment_status":"closed","ping_status":"open","sticky":false,"template":"","format":"standard","meta":{"_lmt_disableupdate":"","_lmt_disable":"","_jetpack_memberships_contains_paid_content":false,"footnotes":""},"categories":[109,46],"tags":[303],"class_list":["post-76619","post","type-post","status-publish","format-standard","has-post-thumbnail","hentry","category-minuto-a-minuto","category-zona-blanca","tag-congreso-del-estado-de-oaxaca"],"jetpack_featured_media_url":"https:\/\/zonaroja.com.mx\/wp-content\/uploads\/2025\/01\/Exposicion-Miradas-Perifericas-Congreso-Oax-1.jpeg","jetpack_sharing_enabled":true,"_links":{"self":[{"href":"https:\/\/zonaroja.com.mx\/index.php?rest_route=\/wp\/v2\/posts\/76619","targetHints":{"allow":["GET"]}}],"collection":[{"href":"https:\/\/zonaroja.com.mx\/index.php?rest_route=\/wp\/v2\/posts"}],"about":[{"href":"https:\/\/zonaroja.com.mx\/index.php?rest_route=\/wp\/v2\/types\/post"}],"author":[{"embeddable":true,"href":"https:\/\/zonaroja.com.mx\/index.php?rest_route=\/wp\/v2\/users\/2"}],"replies":[{"embeddable":true,"href":"https:\/\/zonaroja.com.mx\/index.php?rest_route=%2Fwp%2Fv2%2Fcomments&post=76619"}],"version-history":[{"count":1,"href":"https:\/\/zonaroja.com.mx\/index.php?rest_route=\/wp\/v2\/posts\/76619\/revisions"}],"predecessor-version":[{"id":76620,"href":"https:\/\/zonaroja.com.mx\/index.php?rest_route=\/wp\/v2\/posts\/76619\/revisions\/76620"}],"wp:featuredmedia":[{"embeddable":true,"href":"https:\/\/zonaroja.com.mx\/index.php?rest_route=\/wp\/v2\/media\/76599"}],"wp:attachment":[{"href":"https:\/\/zonaroja.com.mx\/index.php?rest_route=%2Fwp%2Fv2%2Fmedia&parent=76619"}],"wp:term":[{"taxonomy":"category","embeddable":true,"href":"https:\/\/zonaroja.com.mx\/index.php?rest_route=%2Fwp%2Fv2%2Fcategories&post=76619"},{"taxonomy":"post_tag","embeddable":true,"href":"https:\/\/zonaroja.com.mx\/index.php?rest_route=%2Fwp%2Fv2%2Ftags&post=76619"}],"curies":[{"name":"wp","href":"https:\/\/api.w.org\/{rel}","templated":true}]}}