{"id":76623,"date":"2025-01-18T19:59:02","date_gmt":"2025-01-19T01:59:02","guid":{"rendered":"https:\/\/zonaroja.com.mx\/?p=76623"},"modified":"2025-01-18T19:59:04","modified_gmt":"2025-01-19T01:59:04","slug":"registra-oaxaca-este-sabado-otros-dos-crimenes-en-istmo-y-costa","status":"publish","type":"post","link":"https:\/\/zonaroja.com.mx\/?p=76623","title":{"rendered":"Registra Oaxaca este s\u00e1bado otros dos cr\u00edmenes, en Istmo y Costa"},"content":{"rendered":"\n<p>Ismael Garc\u00eda M.\/Zona Roja.<\/p>\n\n\n\n<p>Oaxaca de Ju\u00e1rez, Oax., a 18 de enero de 2025.- El estado de Oaxaca registr\u00f3 este s\u00e1bado otros dos cr\u00edmenes, con lo que suman cinco homicidios en menos de 12 horas.<\/p>\n\n\n\n<p>Mientras que por la madrugada fueron ultimados tres individuos en la capital, esta tarde fue ejecutada una persona del sexo masculino en el municipio de Mat\u00edas Romero Avenda\u00f1o.<\/p>\n\n\n\n<p>El ataque armado ocurri\u00f3 en la colonia San Bartolo, donde ultimaron a quien fue identificado con Jaciel V. B.; a un costado le dejaron un mensaje presuntamente de un grupo delictivo.&nbsp;<\/p>\n\n\n\n<p>El hoy occiso se trasladaba a bordo de su motocicleta cuando fue acribillado por sujetos que de inmediato se dieron a la fuga, sin que hubiera polic\u00edas municipales en la zona para impedir la huida.<\/p>\n\n\n\n<p>Personal de la Vicefiscal\u00eda Regional del Istmo inici\u00f3 la carpeta de investigaci\u00f3n correspondiente, con la finalidad de deslindar los hechos y dar con los responsables.<\/p>\n\n\n\n<p>Por otra parte, alrededor del mediod\u00eda, otra persona del sexo masculino fue asesinada a balazos, en la comunidad de Corcovado Petaca, municipio de San Pedro Pochutla.<\/p>\n\n\n\n<p>El hombre de aproximadamente 60 a\u00f1os de edad se trasladaba a bordo de su bicicleta cuando fue ultimado a balazos; hasta el momento la v\u00edctima a\u00fan no ha sido identificada.<\/p>\n\n\n\n<p>Mientras tanto, sujetos armados asaltaron una camioneta de transporte de paqueter\u00eda, cuando circulaba en la carretera de Santo Domingo Tehuantepec hacia Juchit\u00e1n de Zaragoza.<\/p>\n\n\n\n<p>Fue cerca del crucero a Puente Madera donde interceptaron la unidad y despojaron al chofer de dinero, celular y varias cajas de art\u00edculos, tras lo cual huyeron sin que los persiguiera la polic\u00eda.<\/p>\n","protected":false},"excerpt":{"rendered":"<p>Ismael Garc\u00eda M.\/Zona Roja. Oaxaca de Ju\u00e1rez, Oax., a 18 de enero de 2025.- El&hellip;<\/p>\n","protected":false},"author":2,"featured_media":76624,"comment_status":"closed","ping_status":"open","sticky":false,"template":"","format":"standard","meta":{"_lmt_disableupdate":"","_lmt_disable":"","_jetpack_memberships_contains_paid_content":false,"footnotes":""},"categories":[109,51],"tags":[2754,4054],"class_list":["post-76623","post","type-post","status-publish","format-standard","has-post-thumbnail","hentry","category-minuto-a-minuto","category-zona-roja","tag-asesinado-san-pedro-pochutla","tag-asesinato-matias-romero"],"jetpack_featured_media_url":"https:\/\/zonaroja.com.mx\/wp-content\/uploads\/2025\/01\/Asesinado-San-Pedro-Pochutla.jpg","jetpack_sharing_enabled":true,"_links":{"self":[{"href":"https:\/\/zonaroja.com.mx\/index.php?rest_route=\/wp\/v2\/posts\/76623","targetHints":{"allow":["GET"]}}],"collection":[{"href":"https:\/\/zonaroja.com.mx\/index.php?rest_route=\/wp\/v2\/posts"}],"about":[{"href":"https:\/\/zonaroja.com.mx\/index.php?rest_route=\/wp\/v2\/types\/post"}],"author":[{"embeddable":true,"href":"https:\/\/zonaroja.com.mx\/index.php?rest_route=\/wp\/v2\/users\/2"}],"replies":[{"embeddable":true,"href":"https:\/\/zonaroja.com.mx\/index.php?rest_route=%2Fwp%2Fv2%2Fcomments&post=76623"}],"version-history":[{"count":1,"href":"https:\/\/zonaroja.com.mx\/index.php?rest_route=\/wp\/v2\/posts\/76623\/revisions"}],"predecessor-version":[{"id":76625,"href":"https:\/\/zonaroja.com.mx\/index.php?rest_route=\/wp\/v2\/posts\/76623\/revisions\/76625"}],"wp:featuredmedia":[{"embeddable":true,"href":"https:\/\/zonaroja.com.mx\/index.php?rest_route=\/wp\/v2\/media\/76624"}],"wp:attachment":[{"href":"https:\/\/zonaroja.com.mx\/index.php?rest_route=%2Fwp%2Fv2%2Fmedia&parent=76623"}],"wp:term":[{"taxonomy":"category","embeddable":true,"href":"https:\/\/zonaroja.com.mx\/index.php?rest_route=%2Fwp%2Fv2%2Fcategories&post=76623"},{"taxonomy":"post_tag","embeddable":true,"href":"https:\/\/zonaroja.com.mx\/index.php?rest_route=%2Fwp%2Fv2%2Ftags&post=76623"}],"curies":[{"name":"wp","href":"https:\/\/api.w.org\/{rel}","templated":true}]}}