{"id":76626,"date":"2025-01-18T21:08:11","date_gmt":"2025-01-19T03:08:11","guid":{"rendered":"https:\/\/zonaroja.com.mx\/?p=76626"},"modified":"2025-01-18T21:08:14","modified_gmt":"2025-01-19T03:08:14","slug":"detienen-en-sinaloa-a-importante-lider-del-crimen-organizado","status":"publish","type":"post","link":"https:\/\/zonaroja.com.mx\/?p=76626","title":{"rendered":"Detienen en Sinaloa a importante l\u00edder del crimen organizado"},"content":{"rendered":"\n<p>Redacci\u00f3n\/Zona Roja Cdmx.<\/p>\n\n\n\n<p>Ciudad de M\u00e9xico, a 18 de enero de 2024.- Efectivos del Ej\u00e9rcito Mexicano y de la Guardia Nacional detuvieron en Sinaloa a Juan Carlos F\u00e9lix Gast\u00e9lum, \u201cEl Chavo F\u00e9lix\u201d, yerno de ismael El Mayo Zambada Garc\u00eda.<\/p>\n\n\n\n<p>Fuentes del Gabinete de Seguridad confirmaron la captura de \u201cEl Chavo F\u00e9lix\u201d, identificado como uno de los operadores del C\u00e1rtel de Sinaloa, por parte de la facci\u00f3n que ahora encabeza Ismael Zamabada Sicairos, \u201cEl Mayito Flaco\u201d.<\/p>\n\n\n\n<p>La detenci\u00f3n forma parte de las acciones que realiza la Secretar\u00eda de la Defensa Nacional (Defensa), desde agosto del a\u00f1o pasado cuando comenz\u00f3 la disputa entre las facciones de \u201cLos Chapitos\u201d y la de \u201cEl Mayo\u201d Zambada, luego de que \u00e9ste \u00faltimo fue traicionado por los hijos de Joaqu\u00edn \u201cEl Chapo\u201d Guzm\u00e1n, y entregado por ellos a autoridades de Estados Unidos.<\/p>\n\n\n\n<p>\u201cEl Chavo F\u00e9lix\u201d fue capturado por militares y guardias nacionales en la sindicatura de Quil\u00e1, que forma parte del municipio de Culiac\u00e1n, al filo de las 3:30 horas, seg\u00fan se\u00f1ala el Registro Nacional de Detenciones, una plataforma que opera la Decretar\u00eda de Seguridad y Protecci\u00f3n Ciudadana (SSPC).<\/p>\n\n\n\n<p>Est\u00e1 aprehensi\u00f3n se considera una de las m\u00e1s relevantes en lo que va de esta administraci\u00f3n debido al parentesco que F\u00e9lix Gast\u00e9lum tiene con \u201cEl Mayo\u201d Zambada, por ser esposo de Teresa Zambada Ortiz.<\/p>\n\n\n\n<p>(Informaci\u00f3n de \u201cLa Jornada\u201d)<\/p>\n","protected":false},"excerpt":{"rendered":"<p>Redacci\u00f3n\/Zona Roja Cdmx. Ciudad de M\u00e9xico, a 18 de enero de 2024.- Efectivos del Ej\u00e9rcito&hellip;<\/p>\n","protected":false},"author":2,"featured_media":76627,"comment_status":"closed","ping_status":"open","sticky":false,"template":"","format":"standard","meta":{"_lmt_disableupdate":"","_lmt_disable":"","_jetpack_memberships_contains_paid_content":false,"footnotes":""},"categories":[109,46],"tags":[4168],"class_list":["post-76626","post","type-post","status-publish","format-standard","has-post-thumbnail","hentry","category-minuto-a-minuto","category-zona-blanca","tag-el-chavo-felix"],"jetpack_featured_media_url":"https:\/\/zonaroja.com.mx\/wp-content\/uploads\/2025\/01\/El-Chavo-Felix-detenido-Sinaloa.jpg.webp","jetpack_sharing_enabled":true,"_links":{"self":[{"href":"https:\/\/zonaroja.com.mx\/index.php?rest_route=\/wp\/v2\/posts\/76626","targetHints":{"allow":["GET"]}}],"collection":[{"href":"https:\/\/zonaroja.com.mx\/index.php?rest_route=\/wp\/v2\/posts"}],"about":[{"href":"https:\/\/zonaroja.com.mx\/index.php?rest_route=\/wp\/v2\/types\/post"}],"author":[{"embeddable":true,"href":"https:\/\/zonaroja.com.mx\/index.php?rest_route=\/wp\/v2\/users\/2"}],"replies":[{"embeddable":true,"href":"https:\/\/zonaroja.com.mx\/index.php?rest_route=%2Fwp%2Fv2%2Fcomments&post=76626"}],"version-history":[{"count":1,"href":"https:\/\/zonaroja.com.mx\/index.php?rest_route=\/wp\/v2\/posts\/76626\/revisions"}],"predecessor-version":[{"id":76628,"href":"https:\/\/zonaroja.com.mx\/index.php?rest_route=\/wp\/v2\/posts\/76626\/revisions\/76628"}],"wp:featuredmedia":[{"embeddable":true,"href":"https:\/\/zonaroja.com.mx\/index.php?rest_route=\/wp\/v2\/media\/76627"}],"wp:attachment":[{"href":"https:\/\/zonaroja.com.mx\/index.php?rest_route=%2Fwp%2Fv2%2Fmedia&parent=76626"}],"wp:term":[{"taxonomy":"category","embeddable":true,"href":"https:\/\/zonaroja.com.mx\/index.php?rest_route=%2Fwp%2Fv2%2Fcategories&post=76626"},{"taxonomy":"post_tag","embeddable":true,"href":"https:\/\/zonaroja.com.mx\/index.php?rest_route=%2Fwp%2Fv2%2Ftags&post=76626"}],"curies":[{"name":"wp","href":"https:\/\/api.w.org\/{rel}","templated":true}]}}