{"id":76629,"date":"2025-01-19T07:24:00","date_gmt":"2025-01-19T13:24:00","guid":{"rendered":"https:\/\/zonaroja.com.mx\/?p=76629"},"modified":"2025-01-19T06:32:40","modified_gmt":"2025-01-19T12:32:40","slug":"identifican-a-los-tres-ejecutados-en-la-ciudad-de-oaxaca-uno-era-lider-de-ctm","status":"publish","type":"post","link":"https:\/\/zonaroja.com.mx\/?p=76629","title":{"rendered":"Identifican a los tres ejecutados en la ciudad de Oaxaca; uno era l\u00edder de CTM"},"content":{"rendered":"\n<p>Raymundo Morales\/Zona Roja.<\/p>\n\n\n\n<p>Oaxaca de Ju\u00e1rez, Oax., a 19 de enero de 2025.- Como Caleb R. O., dirigente de transportistas; Carlos Alberto R. L., instructor de un gimnasio y dirigente de un club de automovilistas, y Uriel G. M., fueron identificadas las tres personas asesinadas la madrugada de ayer en la ciudad de Oaxaca.<\/p>\n\n\n\n<p>Caleb fue adem\u00e1s candidato a la presidencia municipal de San Pedro Pochutla, por el Partido Verde Ecologista de M\u00e9xico, y encabezaba en Santa Cruz Xoxocotl\u00e1n la organizaci\u00f3n de transportistas Alianza de Sindicatos y Asociaciones del Estado (ASAEO)-Confederaci\u00f3n de Trabajadores de M\u00e9xico (CTM).<\/p>\n\n\n\n<p>Los hechos sucedieron alrededor de las 02:0 horas de ayer s\u00e1bado en el estacionamiento de la tienda Office Depot, ubicada en la avenida Universidad, agencia de Candiani, Oaxaca de Ju\u00e1rez, en la colindancia con Santa Cruz Xoxocotl\u00e1n.<\/p>\n\n\n\n<p>La Fiscal\u00eda General del Estado de Oaxaca (FGEO) realiz\u00f3 los trabajos periciales y las investigaciones iniciales luego de tomar conocimiento sobre el fallecimiento de tres personas del sexo masculino.&nbsp;<\/p>\n\n\n\n<p>Luego que realiz\u00f3 los trabajos periciales y ministeriales en el lugar de los hechos, las v\u00edctimas fueron trasladadas al Instituto de Servicios Periciales.<\/p>\n\n\n\n<p>Las investigaciones quedaron a cargo de la Fiscal\u00eda Especializada para la Atenci\u00f3n a Delitos de Alto Impacto y siguen en curso.<\/p>\n\n\n\n<p>La Fiscal\u00eda agreg\u00f3 que lleva a cabo los trabajos especializados en delitos de alto impacto para obtener la informaci\u00f3n suficiente que permita dar con quien o quienes resulten responsables por estos hechos.<\/p>\n","protected":false},"excerpt":{"rendered":"<p>Raymundo Morales\/Zona Roja. Oaxaca de Ju\u00e1rez, Oax., a 19 de enero de 2025.- Como Caleb&hellip;<\/p>\n","protected":false},"author":2,"featured_media":76630,"comment_status":"closed","ping_status":"open","sticky":false,"template":"","format":"standard","meta":{"_lmt_disableupdate":"","_lmt_disable":"","_jetpack_memberships_contains_paid_content":false,"footnotes":""},"categories":[109,51],"tags":[4169,148],"class_list":["post-76629","post","type-post","status-publish","format-standard","has-post-thumbnail","hentry","category-minuto-a-minuto","category-zona-roja","tag-caleb-rodriguez-ortega","tag-oaxaca-de-juarez"],"jetpack_featured_media_url":"https:\/\/zonaroja.com.mx\/wp-content\/uploads\/2025\/01\/Caleb-Rodriguez-Ortega-asesinado-ciudad-de-Oaxaca.jpeg","jetpack_sharing_enabled":true,"_links":{"self":[{"href":"https:\/\/zonaroja.com.mx\/index.php?rest_route=\/wp\/v2\/posts\/76629","targetHints":{"allow":["GET"]}}],"collection":[{"href":"https:\/\/zonaroja.com.mx\/index.php?rest_route=\/wp\/v2\/posts"}],"about":[{"href":"https:\/\/zonaroja.com.mx\/index.php?rest_route=\/wp\/v2\/types\/post"}],"author":[{"embeddable":true,"href":"https:\/\/zonaroja.com.mx\/index.php?rest_route=\/wp\/v2\/users\/2"}],"replies":[{"embeddable":true,"href":"https:\/\/zonaroja.com.mx\/index.php?rest_route=%2Fwp%2Fv2%2Fcomments&post=76629"}],"version-history":[{"count":1,"href":"https:\/\/zonaroja.com.mx\/index.php?rest_route=\/wp\/v2\/posts\/76629\/revisions"}],"predecessor-version":[{"id":76631,"href":"https:\/\/zonaroja.com.mx\/index.php?rest_route=\/wp\/v2\/posts\/76629\/revisions\/76631"}],"wp:featuredmedia":[{"embeddable":true,"href":"https:\/\/zonaroja.com.mx\/index.php?rest_route=\/wp\/v2\/media\/76630"}],"wp:attachment":[{"href":"https:\/\/zonaroja.com.mx\/index.php?rest_route=%2Fwp%2Fv2%2Fmedia&parent=76629"}],"wp:term":[{"taxonomy":"category","embeddable":true,"href":"https:\/\/zonaroja.com.mx\/index.php?rest_route=%2Fwp%2Fv2%2Fcategories&post=76629"},{"taxonomy":"post_tag","embeddable":true,"href":"https:\/\/zonaroja.com.mx\/index.php?rest_route=%2Fwp%2Fv2%2Ftags&post=76629"}],"curies":[{"name":"wp","href":"https:\/\/api.w.org\/{rel}","templated":true}]}}