{"id":7664,"date":"2020-01-14T10:26:58","date_gmt":"2020-01-14T16:26:58","guid":{"rendered":"http:\/\/www.zonaroja.com.mx\/?p=7664"},"modified":"2020-01-14T10:27:02","modified_gmt":"2020-01-14T16:27:02","slug":"reprueba-la-coparmex-al-gobierno-que-encabeza-alejandro-murat","status":"publish","type":"post","link":"https:\/\/zonaroja.com.mx\/?p=7664","title":{"rendered":"Reprueba la Coparmex al gobierno que encabeza Alejandro Murat"},"content":{"rendered":"\n<p>Yuridiana\nSosa\/Zona Roja.<\/p>\n\n\n\n<p>Oaxaca de\nJu\u00e1rez, Oax., 14 de enero de 2020.- La Confederaci\u00f3n Patronal de la Rep\u00fablica\nMexicana (Coparmex) en Oaxaca, calific\u00f3 al cierre del 2019 con un 18.3 por\nciento al gobierno que encabeza Alejandro Murat Hinojosa, en relaci\u00f3n al\ncumplimiento de su trabajo y para lo cual fue electo.<\/p>\n\n\n\n<p>La\ndesaprobaci\u00f3n del sector empresarial &#8211;en relaci\u00f3n a temas de seguridad,\ncorrupci\u00f3n e impulso al sector, entre otros&#8211; se ha mantenido desde julio de\n2018, con el 19.28 por ciento, pero fue en el mes de noviembre de ese a\u00f1o,\ncuando obtuvo la calificaci\u00f3n m\u00e1s baja, con 6.78 por ciento.<\/p>\n\n\n\n<p>En\ncontraste, seg\u00fan la Encuesta a Socios Coparmex, en marzo de 2018 registr\u00f3 la\nm\u00e1s alta calificaci\u00f3n, con el 27.5 por ciento. Los resultados muestran que en\nlos \u00faltimos 20 meses los empresarios han coincidido en la falta de resultados\npara la entidad.<\/p>\n\n\n\n<p>Para\ncalificar el desempe\u00f1o de un gobernador, el sector considera tres puntos\nprincipales. El primero se basa en la seguridad, que, a nivel nacional, el 29\npor ciento de los empresarios establece que es el punto m\u00e1s sensible.<\/p>\n\n\n\n<p>La Coparmex\nindic\u00f3 que la segunda falla se encuentra en el tema de la corrupci\u00f3n,\nconsiderado as\u00ed por el 17 por ciento del empresariado y finalmente, la falta de\napoyo al sector privado, el cual obtuvo un 13 por ciento de la opini\u00f3n\nempresarial.<\/p>\n\n\n\n<p>En tanto, a\nnivel nacional \u00fanicamente el 29 por ciento de los empresarios consideran que su\ngobernador cumple con las funciones para las que fue electo. El porcentaje es\nel menor desde que se lleva a cabo la Encuesta a Socios Coparmex.<\/p>\n","protected":false},"excerpt":{"rendered":"<p>Yuridiana Sosa\/Zona Roja. Oaxaca de Ju\u00e1rez, Oax., 14 de enero de 2020.- La Confederaci\u00f3n Patronal&hellip;<\/p>\n","protected":false},"author":2,"featured_media":7665,"comment_status":"closed","ping_status":"open","sticky":false,"template":"","format":"standard","meta":{"_lmt_disableupdate":"","_lmt_disable":"","_jetpack_memberships_contains_paid_content":false,"footnotes":""},"categories":[109,47],"tags":[173],"class_list":["post-7664","post","type-post","status-publish","format-standard","has-post-thumbnail","hentry","category-minuto-a-minuto","category-zona-gris","tag-alejandro-murat-hinojosa"],"jetpack_featured_media_url":"https:\/\/zonaroja.com.mx\/wp-content\/uploads\/2020\/01\/Palacio-de-Gobierno-Oaxaca.jpg","jetpack_sharing_enabled":true,"_links":{"self":[{"href":"https:\/\/zonaroja.com.mx\/index.php?rest_route=\/wp\/v2\/posts\/7664","targetHints":{"allow":["GET"]}}],"collection":[{"href":"https:\/\/zonaroja.com.mx\/index.php?rest_route=\/wp\/v2\/posts"}],"about":[{"href":"https:\/\/zonaroja.com.mx\/index.php?rest_route=\/wp\/v2\/types\/post"}],"author":[{"embeddable":true,"href":"https:\/\/zonaroja.com.mx\/index.php?rest_route=\/wp\/v2\/users\/2"}],"replies":[{"embeddable":true,"href":"https:\/\/zonaroja.com.mx\/index.php?rest_route=%2Fwp%2Fv2%2Fcomments&post=7664"}],"version-history":[{"count":1,"href":"https:\/\/zonaroja.com.mx\/index.php?rest_route=\/wp\/v2\/posts\/7664\/revisions"}],"predecessor-version":[{"id":7666,"href":"https:\/\/zonaroja.com.mx\/index.php?rest_route=\/wp\/v2\/posts\/7664\/revisions\/7666"}],"wp:featuredmedia":[{"embeddable":true,"href":"https:\/\/zonaroja.com.mx\/index.php?rest_route=\/wp\/v2\/media\/7665"}],"wp:attachment":[{"href":"https:\/\/zonaroja.com.mx\/index.php?rest_route=%2Fwp%2Fv2%2Fmedia&parent=7664"}],"wp:term":[{"taxonomy":"category","embeddable":true,"href":"https:\/\/zonaroja.com.mx\/index.php?rest_route=%2Fwp%2Fv2%2Fcategories&post=7664"},{"taxonomy":"post_tag","embeddable":true,"href":"https:\/\/zonaroja.com.mx\/index.php?rest_route=%2Fwp%2Fv2%2Ftags&post=7664"}],"curies":[{"name":"wp","href":"https:\/\/api.w.org\/{rel}","templated":true}]}}