{"id":76643,"date":"2025-01-19T09:59:00","date_gmt":"2025-01-19T15:59:00","guid":{"rendered":"https:\/\/zonaroja.com.mx\/?p=76643"},"modified":"2025-01-19T07:03:16","modified_gmt":"2025-01-19T13:03:16","slug":"invalidan-asamblea-en-santa-maria-ixcotel-por-falta-de-legitimidad-y-representatividad","status":"publish","type":"post","link":"https:\/\/zonaroja.com.mx\/?p=76643","title":{"rendered":"Invalidan asamblea en Santa Mar\u00eda Ixcotel por falta de legitimidad y representatividad"},"content":{"rendered":"\n<p>Redacci\u00f3n\/Zona Roja.<\/p>\n\n\n\n<p>Oaxaca de Ju\u00e1rez, Oax., a 19 de enero de 2025.- El Tribunal Electoral del Estado de Oaxaca (TEEO) declar\u00f3 anoche como inv\u00e1lida la Asamblea General Comunitaria celebrada en la Agencia Municipal de Santa Mar\u00eda Ixcotel, municipio de Santa Luc\u00eda del Camino, por falta de legitimidad y representatividad, en la cual se eligi\u00f3 a la Comisi\u00f3n Electoral de esa comunidad.<\/p>\n\n\n\n<p>En sesi\u00f3n p\u00fablica, mediante la resoluci\u00f3n de los Juicios para la Protecci\u00f3n de los Derechos Pol\u00edtico Electorales de la Ciudadan\u00eda en los Sistemas Normativos Internos, con clave JDCI\/80\/2024 y JDCI\/81\/2024, se\u00f1al\u00f3 que la convocatoria de la asamblea realizada el 29 de diciembre de 2024, fue emitida por autoridades sin facultades conforme al sistema normativo interno.<\/p>\n\n\n\n<p>Por unanimidad, el Pleno de este Tribunal orden\u00f3 la realizaci\u00f3n de actos que permita la participaci\u00f3n de todos los integrantes de la comunidad ind\u00edgena, conforme a las normas comunitarias, ya que la autoridad de la Agencia en funciones deb\u00eda emitir la convocatoria y declarar el qu\u00f3rum, pero esto no ocurri\u00f3, comprometiendo la validez de los actos realizados.<\/p>\n\n\n\n<p>Expuso que solo asistieron 169 personas frente a un promedio de 348 en procesos previos, lo que fue insuficiente dada la importancia de la elecci\u00f3n de la Comisi\u00f3n Electoral.<\/p>\n\n\n\n<p>En este caso, la falta de respaldo por parte de la ciudadan\u00eda de la comunidad ind\u00edgena afect\u00f3 la transparencia, representatividad e inclusi\u00f3n en el nombramiento de la autoridad electoral.<\/p>\n","protected":false},"excerpt":{"rendered":"<p>Redacci\u00f3n\/Zona Roja. Oaxaca de Ju\u00e1rez, Oax., a 19 de enero de 2025.- El Tribunal Electoral&hellip;<\/p>\n","protected":false},"author":2,"featured_media":75957,"comment_status":"closed","ping_status":"open","sticky":false,"template":"","format":"standard","meta":{"_lmt_disableupdate":"","_lmt_disable":"","_jetpack_memberships_contains_paid_content":false,"footnotes":""},"categories":[109,46],"tags":[4172,2235],"class_list":["post-76643","post","type-post","status-publish","format-standard","has-post-thumbnail","hentry","category-minuto-a-minuto","category-zona-blanca","tag-santa-maria-ixcotel","tag-tribunal-electoral-del-estado-de-oaxaca-teeo"],"jetpack_featured_media_url":"https:\/\/zonaroja.com.mx\/wp-content\/uploads\/2024\/12\/Agencia-de-Santa-Maria-Ixcotel.jpg","jetpack_sharing_enabled":true,"_links":{"self":[{"href":"https:\/\/zonaroja.com.mx\/index.php?rest_route=\/wp\/v2\/posts\/76643","targetHints":{"allow":["GET"]}}],"collection":[{"href":"https:\/\/zonaroja.com.mx\/index.php?rest_route=\/wp\/v2\/posts"}],"about":[{"href":"https:\/\/zonaroja.com.mx\/index.php?rest_route=\/wp\/v2\/types\/post"}],"author":[{"embeddable":true,"href":"https:\/\/zonaroja.com.mx\/index.php?rest_route=\/wp\/v2\/users\/2"}],"replies":[{"embeddable":true,"href":"https:\/\/zonaroja.com.mx\/index.php?rest_route=%2Fwp%2Fv2%2Fcomments&post=76643"}],"version-history":[{"count":1,"href":"https:\/\/zonaroja.com.mx\/index.php?rest_route=\/wp\/v2\/posts\/76643\/revisions"}],"predecessor-version":[{"id":76644,"href":"https:\/\/zonaroja.com.mx\/index.php?rest_route=\/wp\/v2\/posts\/76643\/revisions\/76644"}],"wp:featuredmedia":[{"embeddable":true,"href":"https:\/\/zonaroja.com.mx\/index.php?rest_route=\/wp\/v2\/media\/75957"}],"wp:attachment":[{"href":"https:\/\/zonaroja.com.mx\/index.php?rest_route=%2Fwp%2Fv2%2Fmedia&parent=76643"}],"wp:term":[{"taxonomy":"category","embeddable":true,"href":"https:\/\/zonaroja.com.mx\/index.php?rest_route=%2Fwp%2Fv2%2Fcategories&post=76643"},{"taxonomy":"post_tag","embeddable":true,"href":"https:\/\/zonaroja.com.mx\/index.php?rest_route=%2Fwp%2Fv2%2Ftags&post=76643"}],"curies":[{"name":"wp","href":"https:\/\/api.w.org\/{rel}","templated":true}]}}