{"id":76645,"date":"2025-01-19T10:23:00","date_gmt":"2025-01-19T16:23:00","guid":{"rendered":"https:\/\/zonaroja.com.mx\/?p=76645"},"modified":"2025-01-19T07:24:30","modified_gmt":"2025-01-19T13:24:30","slug":"continuan-tequios-en-oaxaca-de-juarez-para-rescatar-espacios","status":"publish","type":"post","link":"https:\/\/zonaroja.com.mx\/?p=76645","title":{"rendered":"Contin\u00faan tequios en Oaxaca de Ju\u00e1rez, para rescatar espacios"},"content":{"rendered":"\n<p>Redacci\u00f3n\/Zona Roja.<\/p>\n\n\n\n<p>Oaxaca de Ju\u00e1rez, Oax., a 19 de enero de 2025.- Este fin de semana continuaron los tequios vecinales en el municipio de Oaxaca de Ju\u00e1rez, encabezados por el edil Raymundo Chagoya.<\/p>\n\n\n\n<p>Esta ma\u00f1ana, en la agencia de San Mart\u00edn Mexic\u00e1pam se efectuaron labores de limpieza, en la colonia Colinas de Monte Alb\u00e1n, en que participaron cientos de personas y autoridades.<\/p>\n\n\n\n<p>Mientras que ayer hubo tequio en la agencia de Santa Rosa Panzacola, donde el presidente municipal destac\u00f3 la importancia de la participaci\u00f3n ciudadana en estos tequios, cuyo objetivo principal es atender las causas de la inseguridad, una problem\u00e1tica que administraciones anteriores no lograron resolver.<\/p>\n\n\n\n<p>\u201cEstamos haciendo comunidad con todas y todos. Es importante sumar esfuerzos; hay mucho \u00e1nimo. Somos un gobierno que se preocupa por rescatar los espacios p\u00fablicos. Queremos canchas seguras y calles iluminadas donde todas y todos puedan caminar con tranquilidad\u201d, afirm\u00f3.<\/p>\n\n\n\n<p>Vecinas, vecinos y colaboradores del municipio de Oaxaca de Ju\u00e1rez se unieron para limpiar el \u00e1rea de juegos, rehabilitar la zona verde y pintar la cancha de la colonia. En esta jornada tambi\u00e9n particip\u00f3 la Subsecretar\u00eda de Prevenci\u00f3n y Reinserci\u00f3n Social de la Secretar\u00eda de Seguridad y Protecci\u00f3n Ciudadana del Estado de Oaxaca.<\/p>\n\n\n\n<p>Por su parte, Carmen San Juan Ram\u00edrez, vecina de la colonia, expres\u00f3 su satisfacci\u00f3n con la actividad, se\u00f1alando que gracias a este esfuerzo, las ni\u00f1as y los ni\u00f1os podr\u00e1n regresar a jugar y practicar deportes con mayor seguridad, ya que el lugar hab\u00eda sido abandonado por mucho tiempo.<\/p>\n\n\n\n<p>\u201cEst\u00e1 muy bien que todos pongamos de nuestra parte para que haya seguridad. Los vecinos queremos agradecer al presidente Ray Chagoya porque s\u00ed est\u00e1 trabajando\u201d, coment\u00f3.<\/p>\n\n\n\n<p>Los Tequios Vecinales, retomados como eje central de la administraci\u00f3n de Ray Chagoya, se consolidan como una estrategia clave en la transformaci\u00f3n de las agencias y colonias de Oaxaca de Ju\u00e1rez, promoviendo el trabajo conjunto entre ciudadan\u00eda y gobierno para rescatar espacios p\u00fablicos y fortalecer el tejido social.<\/p>\n\n\n\n<figure class=\"wp-block-embed is-type-rich is-provider-twitter wp-block-embed-twitter\"><div class=\"wp-block-embed__wrapper\">\n<div class=\"twitter-tweet\"><blockquote class=\"twitter-tweet\" data-lang=\"es\"><p lang=\"es\" dir=\"ltr\">Con los <a href=\"https:\/\/twitter.com\/hashtag\/TequiosVecinales?src=hash&amp;ref_src=twsrc%5Etfw\">#TequiosVecinales<\/a>, seguimos poniendo orden y recuperando la grandeza de Oaxaca de Ju\u00e1rez. \ud83c\udf3f\ud83c\udfe1 S\u00famate y s\u00e9 parte de la transformaci\u00f3n. \ud83d\udcaa\u2728<a href=\"https:\/\/twitter.com\/hashtag\/VecinasYVecinos?src=hash&amp;ref_src=twsrc%5Etfw\">#VecinasYVecinos<\/a><a href=\"https:\/\/twitter.com\/hashtag\/TransformandoJuntosLaCapital?src=hash&amp;ref_src=twsrc%5Etfw\">#TransformandoJuntosLaCapital<\/a><a href=\"https:\/\/twitter.com\/hashtag\/OaxacaDeJu%C3%A1rez?src=hash&amp;ref_src=twsrc%5Etfw\">#OaxacaDeJu\u00e1rez<\/a> <a href=\"https:\/\/t.co\/MbivBVNUJN\">pic.twitter.com\/MbivBVNUJN<\/a><\/p>&mdash; Ray Chagoya (@raychagoya) <a href=\"https:\/\/twitter.com\/raychagoya\/status\/1880737096664842586?ref_src=twsrc%5Etfw\">18 de enero de 2025<\/a><\/blockquote><\/div>\n<\/div><\/figure>\n","protected":false},"excerpt":{"rendered":"<p>Redacci\u00f3n\/Zona Roja. Oaxaca de Ju\u00e1rez, Oax., a 19 de enero de 2025.- Este fin de&hellip;<\/p>\n","protected":false},"author":2,"featured_media":76646,"comment_status":"closed","ping_status":"open","sticky":false,"template":"","format":"standard","meta":{"_lmt_disableupdate":"","_lmt_disable":"","_jetpack_memberships_contains_paid_content":false,"footnotes":""},"categories":[109,46],"tags":[4142],"class_list":["post-76645","post","type-post","status-publish","format-standard","has-post-thumbnail","hentry","category-minuto-a-minuto","category-zona-blanca","tag-raymundo-chagoya"],"jetpack_featured_media_url":"https:\/\/zonaroja.com.mx\/wp-content\/uploads\/2025\/01\/Tequio-Oaxaca-Raymundo-Chagoya.jpeg","jetpack_sharing_enabled":true,"_links":{"self":[{"href":"https:\/\/zonaroja.com.mx\/index.php?rest_route=\/wp\/v2\/posts\/76645","targetHints":{"allow":["GET"]}}],"collection":[{"href":"https:\/\/zonaroja.com.mx\/index.php?rest_route=\/wp\/v2\/posts"}],"about":[{"href":"https:\/\/zonaroja.com.mx\/index.php?rest_route=\/wp\/v2\/types\/post"}],"author":[{"embeddable":true,"href":"https:\/\/zonaroja.com.mx\/index.php?rest_route=\/wp\/v2\/users\/2"}],"replies":[{"embeddable":true,"href":"https:\/\/zonaroja.com.mx\/index.php?rest_route=%2Fwp%2Fv2%2Fcomments&post=76645"}],"version-history":[{"count":1,"href":"https:\/\/zonaroja.com.mx\/index.php?rest_route=\/wp\/v2\/posts\/76645\/revisions"}],"predecessor-version":[{"id":76647,"href":"https:\/\/zonaroja.com.mx\/index.php?rest_route=\/wp\/v2\/posts\/76645\/revisions\/76647"}],"wp:featuredmedia":[{"embeddable":true,"href":"https:\/\/zonaroja.com.mx\/index.php?rest_route=\/wp\/v2\/media\/76646"}],"wp:attachment":[{"href":"https:\/\/zonaroja.com.mx\/index.php?rest_route=%2Fwp%2Fv2%2Fmedia&parent=76645"}],"wp:term":[{"taxonomy":"category","embeddable":true,"href":"https:\/\/zonaroja.com.mx\/index.php?rest_route=%2Fwp%2Fv2%2Fcategories&post=76645"},{"taxonomy":"post_tag","embeddable":true,"href":"https:\/\/zonaroja.com.mx\/index.php?rest_route=%2Fwp%2Fv2%2Ftags&post=76645"}],"curies":[{"name":"wp","href":"https:\/\/api.w.org\/{rel}","templated":true}]}}