{"id":76648,"date":"2025-01-19T11:24:00","date_gmt":"2025-01-19T17:24:00","guid":{"rendered":"https:\/\/zonaroja.com.mx\/?p=76648"},"modified":"2025-01-19T07:27:57","modified_gmt":"2025-01-19T13:27:57","slug":"protestan-miles-en-eu-ante-llegada-de-trump-a-presidencia","status":"publish","type":"post","link":"https:\/\/zonaroja.com.mx\/?p=76648","title":{"rendered":"Protestan miles en EU, ante llegada de Trump a presidencia"},"content":{"rendered":"\n<p>Redacci\u00f3n\/Zona Roja Cdmx.<\/p>\n\n\n\n<p>Ciudad de M\u00e9xico, a 19 de enero de 2025.- Varios miles de personas, en su mayor\u00eda mujeres, se reunieron el s\u00e1bado en Washington para protestar contra la investidura del presidente electo Donald Trump, algunas con los sombreros rosas que marcaron la protesta mucho m\u00e1s numerosa contra su primera toma de posesi\u00f3n en 2017.<\/p>\n\n\n\n<p>En Franklin Park, uno de los tres lugares de inicio de la \u00abMarcha del Pueblo\u00bb por el centro de la ciudad, manifestantes se reunieron bajo una ligera lluvia para protestar por la justicia de g\u00e9nero y la autonom\u00eda corporal.<\/p>\n\n\n\n<p>Otros manifestantes se reunieron en dos parques tambi\u00e9n cercanos a la Casa Blanca, con un grupo centrado en la democracia y la inmigraci\u00f3n y otro en cuestiones locales de Washington, antes de dirigirse a la reuni\u00f3n final de la marcha en el Lincoln Memorial.<\/p>\n\n\n\n<p>Las protestas contra la investidura de Trump son mucho menores que en 2017, en parte porque el movimiento por los derechos de las mujeres en Estados Unidos se fractur\u00f3 despu\u00e9s de que el republicano derrotara a la vicepresidenta Kamala Harris en noviembre.<\/p>\n\n\n\n<p>Los manifestantes llevaban carteles que dec\u00edan \u00abFeministas contra fascistas\u00bb y \u00abLas personas por encima de la pol\u00edtica\u00bb.<\/p>\n\n\n\n<p>\u00abEs realmente reconfortante estar hoy aqu\u00ed con todos ustedes en solidaridad y uni\u00f3n, frente a lo que va a ser un extremismo realmente horrible\u00bb, dijo a la multitud Mini Timmaraju, directora del grupo de defensa Libertad Reproductiva para Todos, al inicio de los actos.<\/p>\n\n\n\n<p>(Informaci\u00f3n de la agencia Reuters en \u201cLa Jornada\u201d)<\/p>\n","protected":false},"excerpt":{"rendered":"<p>Redacci\u00f3n\/Zona Roja Cdmx. Ciudad de M\u00e9xico, a 19 de enero de 2025.- Varios miles de&hellip;<\/p>\n","protected":false},"author":2,"featured_media":76649,"comment_status":"closed","ping_status":"open","sticky":false,"template":"","format":"standard","meta":{"_lmt_disableupdate":"","_lmt_disable":"","_jetpack_memberships_contains_paid_content":false,"footnotes":""},"categories":[109,47],"tags":[1060],"class_list":["post-76648","post","type-post","status-publish","format-standard","has-post-thumbnail","hentry","category-minuto-a-minuto","category-zona-gris","tag-donald-trump"],"jetpack_featured_media_url":"https:\/\/zonaroja.com.mx\/wp-content\/uploads\/2025\/01\/Protestas-contra-Donald-Trump.jpg","jetpack_sharing_enabled":true,"_links":{"self":[{"href":"https:\/\/zonaroja.com.mx\/index.php?rest_route=\/wp\/v2\/posts\/76648","targetHints":{"allow":["GET"]}}],"collection":[{"href":"https:\/\/zonaroja.com.mx\/index.php?rest_route=\/wp\/v2\/posts"}],"about":[{"href":"https:\/\/zonaroja.com.mx\/index.php?rest_route=\/wp\/v2\/types\/post"}],"author":[{"embeddable":true,"href":"https:\/\/zonaroja.com.mx\/index.php?rest_route=\/wp\/v2\/users\/2"}],"replies":[{"embeddable":true,"href":"https:\/\/zonaroja.com.mx\/index.php?rest_route=%2Fwp%2Fv2%2Fcomments&post=76648"}],"version-history":[{"count":1,"href":"https:\/\/zonaroja.com.mx\/index.php?rest_route=\/wp\/v2\/posts\/76648\/revisions"}],"predecessor-version":[{"id":76650,"href":"https:\/\/zonaroja.com.mx\/index.php?rest_route=\/wp\/v2\/posts\/76648\/revisions\/76650"}],"wp:featuredmedia":[{"embeddable":true,"href":"https:\/\/zonaroja.com.mx\/index.php?rest_route=\/wp\/v2\/media\/76649"}],"wp:attachment":[{"href":"https:\/\/zonaroja.com.mx\/index.php?rest_route=%2Fwp%2Fv2%2Fmedia&parent=76648"}],"wp:term":[{"taxonomy":"category","embeddable":true,"href":"https:\/\/zonaroja.com.mx\/index.php?rest_route=%2Fwp%2Fv2%2Fcategories&post=76648"},{"taxonomy":"post_tag","embeddable":true,"href":"https:\/\/zonaroja.com.mx\/index.php?rest_route=%2Fwp%2Fv2%2Ftags&post=76648"}],"curies":[{"name":"wp","href":"https:\/\/api.w.org\/{rel}","templated":true}]}}