{"id":76651,"date":"2025-01-19T12:28:00","date_gmt":"2025-01-19T18:28:00","guid":{"rendered":"https:\/\/zonaroja.com.mx\/?p=76651"},"modified":"2025-01-19T07:28:51","modified_gmt":"2025-01-19T13:28:51","slug":"opinion-la-alegria-de-sheinbaum","status":"publish","type":"post","link":"https:\/\/zonaroja.com.mx\/?p=76651","title":{"rendered":"Opini\u00f3n. La alegr\u00eda de Sheinbaum"},"content":{"rendered":"\n<p>Soledad Jarqu\u00edn Edgar*\/SemM\u00e9xico<\/p>\n\n\n\n<p>Claudia Sheinbaum subi\u00f3 al templete rodeada de su gabinete, de casi todos los gobernadores y gobernadoras, de personas que llegaron de todo el pa\u00eds y que viajaron en autobuses sin pagar boleto.&nbsp;<\/p>\n\n\n\n<p>La estimaci\u00f3n es que hab\u00eda 350 mil almas en la plancha del z\u00f3calo para escuchar la experiencia de gobierno en sus primeros cien d\u00edas de la \u00fanica presidenta que ha tenido M\u00e9xico y justamente esa era la \u00fanica novedad: la figura de una presidenta contando sus avances, sus prop\u00f3sitos, sus convicciones a cien d\u00edas de asumir el cargo. El resto es m\u00e1s de lo mismo, es la festividad de la pol\u00edtica, el ritual del apapacho a quien gobierna.<\/p>\n\n\n\n<p>El z\u00f3calo de la Ciudad de M\u00e9xico ha sido el punto emblem\u00e1tico de la concentraci\u00f3n de multitudes a lo largo de la historia mexicana, al menos del M\u00e9xico postrevolucionario hasta nuestros d\u00edas, hasta ah\u00ed llegaron el pueblo y cientos de trabajadores petroleros para escuchar el anunci\u00f3 de la expropiaci\u00f3n en 1938. Desde el balc\u00f3n del palacio nacional, el presidente L\u00e1zaro C\u00e1rdenas ofreci\u00f3 su discurso. Ese era un ambiente festivo real.<\/p>\n\n\n\n<p>Al \u201ccoraz\u00f3n de M\u00e9xico\u201d, como dijo Sheinbaum, a lo largo de la historia han llegado las grandes concentraciones obreras y campesinas, no hay que olvidar que el priismo que gobern\u00f3 durante ocho d\u00e9cadas es el padre del populismo y del acarreo. Ah\u00ed se vitorearon las grandezas presidenciales.<\/p>\n\n\n\n<p>Al z\u00f3calo llegaron las emblem\u00e1ticas protestas que hasta hoy siguen recordando cada 2 de octubre uno de los peores cap\u00edtulos de la historia reciente, la matanza de estudiantes en 1968; es el lugar de la protesta y la exigencia de maestros y maestras de la Coordinadora Nacional de Trabajadores de la Educaci\u00f3n, ah\u00ed estuvo la caravana zapatista en 2001. Y cuando el pa\u00eds permiti\u00f3 y consinti\u00f3 a la delincuencia, el z\u00f3calo tambi\u00e9n escuch\u00f3 el reclamo de las madres de feminicidio y las buscadoras de hijos e hijas. Ha sido el emblem\u00e1tico lugar de la protesta de miles y miles de personas que buscan soluci\u00f3n a sus problem\u00e1ticas, justicia\u2026<\/p>\n\n\n\n<p>El z\u00f3calo es el espacio de la festividad pol\u00edtica y hoy, como centro pol\u00edtico del pa\u00eds (porque geogr\u00e1ficamente le corresponde al municipio de Tequisquiapan, Quer\u00e9taro) no escapa a la tentaci\u00f3n de convertirla en la puerta de la veneraci\u00f3n y con ello, el acto pol\u00edtico, es el trance que pretende exorcizar los 46 mil 800 metros cuadrados de cemento hidr\u00e1ulico, quitarle el dolor, la angustia, el reclamo, la injusticia.&nbsp;<\/p>\n\n\n\n<p>La alegr\u00eda pol\u00edtica del domingo pasado fue una fiesta que muestra una presidenta optimista, empoderada, contentan y con una alt\u00edsima popularidad o muy querida por su pueblo que la vitorea, grita feliz, aplaude a rabiar y la aclaman, alegr\u00eda que no alcanza a toda la gente.<\/p>\n\n\n\n<p>Sin duda, Sheinbaum se despach\u00f3 con la cuchara grande para poner en su lugar al expresidente Ernesto Zedillo, quien la descalific\u00f3 al se\u00f1alar que \u201cun caudillo est\u00e1 oculto en la oficina anexa de la Presidencia de la Rep\u00fablica\u201d. Una expresi\u00f3n mis\u00f3gina contra la presidenta. Los hombres como Zedillo siguen creyendo que las mujeres necesitamos de un hombre que nos tutele, su expresi\u00f3n pareciera un pasaje del siglo XIX, un pasaje que no acaba de irse, sigue latiendo el coraz\u00f3n del machismo. Una de tantas que se dicen contra ella por ser mujer y en eso la presidenta est\u00e1 igual que la mayor\u00eda de las mexicanas.&nbsp;<\/p>\n\n\n\n<p>Frente a esa realidad, el M\u00e9xico infeliz sigue observando paciente la transformaci\u00f3n hacia un pa\u00eds de igualdad para mujeres y hombres, por a\u00f1os, la pol\u00edtica no ha querido encontrar la f\u00f3rmula, lo cierto es que falta mucho, estamos muy lejos de alcanzar el punto, el equilibrio.&nbsp;<\/p>\n\n\n\n<p>As\u00ed entonces, la alegr\u00eda de la presidenta Sheinbaum, su poder\u00edo por el puesto pol\u00edtico que tiene, no es la alegr\u00eda que vivimos el resto de las mujeres, pero eso no se escuch\u00f3 el pasado domingo.<\/p>\n\n\n\n<p>*Periodista y activista feminista.<\/p>\n","protected":false},"excerpt":{"rendered":"<p>Soledad Jarqu\u00edn Edgar*\/SemM\u00e9xico Claudia Sheinbaum subi\u00f3 al templete rodeada de su gabinete, de casi todos&hellip;<\/p>\n","protected":false},"author":2,"featured_media":68029,"comment_status":"closed","ping_status":"open","sticky":false,"template":"","format":"standard","meta":{"_lmt_disableupdate":"","_lmt_disable":"","_jetpack_memberships_contains_paid_content":false,"footnotes":""},"categories":[456,109],"tags":[90],"class_list":["post-76651","post","type-post","status-publish","format-standard","has-post-thumbnail","hentry","category-columna","category-minuto-a-minuto","tag-soledad-jarquin"],"jetpack_featured_media_url":"https:\/\/zonaroja.com.mx\/wp-content\/uploads\/2024\/05\/Soledad-Jarquin-Edgar.jpg","jetpack_sharing_enabled":true,"_links":{"self":[{"href":"https:\/\/zonaroja.com.mx\/index.php?rest_route=\/wp\/v2\/posts\/76651","targetHints":{"allow":["GET"]}}],"collection":[{"href":"https:\/\/zonaroja.com.mx\/index.php?rest_route=\/wp\/v2\/posts"}],"about":[{"href":"https:\/\/zonaroja.com.mx\/index.php?rest_route=\/wp\/v2\/types\/post"}],"author":[{"embeddable":true,"href":"https:\/\/zonaroja.com.mx\/index.php?rest_route=\/wp\/v2\/users\/2"}],"replies":[{"embeddable":true,"href":"https:\/\/zonaroja.com.mx\/index.php?rest_route=%2Fwp%2Fv2%2Fcomments&post=76651"}],"version-history":[{"count":1,"href":"https:\/\/zonaroja.com.mx\/index.php?rest_route=\/wp\/v2\/posts\/76651\/revisions"}],"predecessor-version":[{"id":76652,"href":"https:\/\/zonaroja.com.mx\/index.php?rest_route=\/wp\/v2\/posts\/76651\/revisions\/76652"}],"wp:featuredmedia":[{"embeddable":true,"href":"https:\/\/zonaroja.com.mx\/index.php?rest_route=\/wp\/v2\/media\/68029"}],"wp:attachment":[{"href":"https:\/\/zonaroja.com.mx\/index.php?rest_route=%2Fwp%2Fv2%2Fmedia&parent=76651"}],"wp:term":[{"taxonomy":"category","embeddable":true,"href":"https:\/\/zonaroja.com.mx\/index.php?rest_route=%2Fwp%2Fv2%2Fcategories&post=76651"},{"taxonomy":"post_tag","embeddable":true,"href":"https:\/\/zonaroja.com.mx\/index.php?rest_route=%2Fwp%2Fv2%2Ftags&post=76651"}],"curies":[{"name":"wp","href":"https:\/\/api.w.org\/{rel}","templated":true}]}}