{"id":76655,"date":"2025-01-19T13:29:00","date_gmt":"2025-01-19T19:29:00","guid":{"rendered":"https:\/\/zonaroja.com.mx\/?p=76655"},"modified":"2025-01-19T07:31:20","modified_gmt":"2025-01-19T13:31:20","slug":"se-retrasa-entrada-en-vigor-de-tregua-entre-israel-y-hamas","status":"publish","type":"post","link":"https:\/\/zonaroja.com.mx\/?p=76655","title":{"rendered":"Se retrasa entrada en vigor de tregua entre Israel y Hamas"},"content":{"rendered":"\n<p>Redacci\u00f3n\/Zona Roja Cdmx.<\/p>\n\n\n\n<p>Ciudad de M\u00e9xico, a 19 de enero de 2025.- La entrada en vigor de un acuerdo de alto el fuego entre Israel y Hamas fue retrasada debido a que el movimiento palestino no ha entregado la lista de rehenes que va a liberar, y el ej\u00e9rcito israel\u00ed anunci\u00f3 el domingo que contin\u00faa efectuando ataques en la Franja de Gaza.<\/p>\n\n\n\n<p>Hamas indic\u00f3 en un comunicado que pretende respetar el acuerdo pero reconoci\u00f3 un atraso \u00aben el suministro de los nombres de los rehenes a ser liberados\u00bb debido a \u00abrazones t\u00e9cnicas en el terreno\u00bb.<\/p>\n\n\n\n<p>\u00abEl primer ministro instruy\u00f3 a las FDI (fuerzas armadas) que el alto el fuego (&#8230;) no comenzar\u00e1 a menos que Israel reciba la lista de rehenes liberados, como Hamas se comprometi\u00f3 a entregar\u00bb, dijo el despacho de Netanyahu en un comunicado.<\/p>\n\n\n\n<p>Poco despu\u00e9s, el ej\u00e9rcito israel\u00ed indic\u00f3 que el cese el fuego \u00aba\u00fan no est\u00e1 vigente\u00bb, pese a que ya hab\u00eda pasado su hora de inicio, las 06:30 GMT y que segu\u00eda atacando en la Franja de Gaza.<\/p>\n\n\n\n<p>Las fuerzas armadas israel\u00edes contin\u00faan \u00abatacando dentro de la zona de Gaza en este momento. Seg\u00fan las directrices del primer ministro, el alto el fuego no entrar\u00e1 en vigor hasta que Hamas cumpla con sus compromisos\u00bb, declar\u00f3 el portavoz militar, contralmirante Daniel Hagari, en un comunicado transmitido por televisi\u00f3n.<\/p>\n\n\n\n<p>El ej\u00e9rcito israel\u00ed anunci\u00f3 el domingo que hab\u00eda recuperado el cuerpo de un soldado detenido en Gaza desde 2014.<\/p>\n\n\n\n<p>La tregua fue negociada durante meses por los mediadores de Qatar, Egipto y Estados Unidos y debe entra en vigor en v\u00edsperas de la investidura de Donald Trump como presidente estadunidense.<\/p>\n\n\n\n<p>Seg\u00fan el acuerdo, 33 rehenes tomados por el movimiento islamista Hamas durante su ataque contra Israel del 7 de octubre de 2023 ser\u00e1n devueltos en la primera fase de la tregua, de 42 d\u00edas.<\/p>\n\n\n\n<p>En el mismo per\u00edodo, 737 prisioneros palestinos ser\u00e1n liberados de las c\u00e1rceles israel\u00edes y cesar\u00e1n los combates.<\/p>\n\n\n\n<p>La primera fase del alto el fuego debe cimentar el camino para ponerle fin definitivo a m\u00e1s de 15 meses de guerra desatada por el ataque del 7 de octubre, el m\u00e1s mortal en la historia israel\u00ed.<\/p>\n\n\n\n<p>Pero Netanyahu aclar\u00f3 el s\u00e1bado en un mensaje televisado que se trata de \u00abun alto el fuego provisional\u00bb. \u00abSi fuese necesario, nos reservamos el derecho de reanudar la guerra con apoyo estadounidense\u00bb y \u00abcon m\u00e1s fuerza\u00bb, a\u00f1adi\u00f3.<\/p>\n\n\n\n<p>El acuerdo, anunciado el mi\u00e9rcoles por los mediadores, busca poner \u00abun fin definitivo a la guerra\u00bb que devast\u00f3 el territorio palestino, destac\u00f3 Qatar. Tambi\u00e9n debe permitir la entrada masiva de ayuda humanitaria a Gaza, gobernada por Hamas desde 2007.<\/p>\n\n\n\n<p>(Informaci\u00f3n de agencias en \u201cLa Jornada\u201d)<\/p>\n","protected":false},"excerpt":{"rendered":"<p>Redacci\u00f3n\/Zona Roja Cdmx. Ciudad de M\u00e9xico, a 19 de enero de 2025.- La entrada en&hellip;<\/p>\n","protected":false},"author":2,"featured_media":67332,"comment_status":"closed","ping_status":"open","sticky":false,"template":"","format":"standard","meta":{"_lmt_disableupdate":"","_lmt_disable":"","_jetpack_memberships_contains_paid_content":false,"footnotes":""},"categories":[109,47],"tags":[2668],"class_list":["post-76655","post","type-post","status-publish","format-standard","has-post-thumbnail","hentry","category-minuto-a-minuto","category-zona-gris","tag-conflicto-gaza-israel"],"jetpack_featured_media_url":"https:\/\/zonaroja.com.mx\/wp-content\/uploads\/2024\/04\/Iran-Israel-conflicto.jpeg","jetpack_sharing_enabled":true,"_links":{"self":[{"href":"https:\/\/zonaroja.com.mx\/index.php?rest_route=\/wp\/v2\/posts\/76655","targetHints":{"allow":["GET"]}}],"collection":[{"href":"https:\/\/zonaroja.com.mx\/index.php?rest_route=\/wp\/v2\/posts"}],"about":[{"href":"https:\/\/zonaroja.com.mx\/index.php?rest_route=\/wp\/v2\/types\/post"}],"author":[{"embeddable":true,"href":"https:\/\/zonaroja.com.mx\/index.php?rest_route=\/wp\/v2\/users\/2"}],"replies":[{"embeddable":true,"href":"https:\/\/zonaroja.com.mx\/index.php?rest_route=%2Fwp%2Fv2%2Fcomments&post=76655"}],"version-history":[{"count":1,"href":"https:\/\/zonaroja.com.mx\/index.php?rest_route=\/wp\/v2\/posts\/76655\/revisions"}],"predecessor-version":[{"id":76656,"href":"https:\/\/zonaroja.com.mx\/index.php?rest_route=\/wp\/v2\/posts\/76655\/revisions\/76656"}],"wp:featuredmedia":[{"embeddable":true,"href":"https:\/\/zonaroja.com.mx\/index.php?rest_route=\/wp\/v2\/media\/67332"}],"wp:attachment":[{"href":"https:\/\/zonaroja.com.mx\/index.php?rest_route=%2Fwp%2Fv2%2Fmedia&parent=76655"}],"wp:term":[{"taxonomy":"category","embeddable":true,"href":"https:\/\/zonaroja.com.mx\/index.php?rest_route=%2Fwp%2Fv2%2Fcategories&post=76655"},{"taxonomy":"post_tag","embeddable":true,"href":"https:\/\/zonaroja.com.mx\/index.php?rest_route=%2Fwp%2Fv2%2Ftags&post=76655"}],"curies":[{"name":"wp","href":"https:\/\/api.w.org\/{rel}","templated":true}]}}