{"id":76657,"date":"2025-01-19T19:43:24","date_gmt":"2025-01-20T01:43:24","guid":{"rendered":"https:\/\/zonaroja.com.mx\/?p=76657"},"modified":"2025-01-19T19:49:04","modified_gmt":"2025-01-20T01:49:04","slug":"registro-oaxaca-103-2-delitos-diarios-el-ano-pasado-sesnsp","status":"publish","type":"post","link":"https:\/\/zonaroja.com.mx\/?p=76657","title":{"rendered":"Registr\u00f3 Oaxaca 103.2 delitos diarios, el a\u00f1o pasado: SESNSP"},"content":{"rendered":"\n<p>Ismael Garc\u00eda M.\/Zona roja.<\/p>\n\n\n\n<p>Oaxaca de Ju\u00e1rez, Oax., a 19 de enero de 2024.- Durante el a\u00f1o 2024, Oaxaca registr\u00f3 un total de 37 mil 701 delitos del fuero com\u00fan, lo que representan 103.2 cada d\u00eda.<\/p>\n\n\n\n<p>As\u00ed mismo, en los 12 meses pasados ocurrieron 896 homicidios dolosos, que significan 2.45 cr\u00edmenes diarios, seg\u00fan las cifras dadas a conocer recientemente por el Secretariado Ejecutivo del Sistema Nacional de Seguridad P\u00fablica (SESNSP).<\/p>\n\n\n\n<p>En los tres \u00faltimos meses del a\u00f1o pasado las cifras de delitos fueron en descenso, con menos de tres mil por mes; las cifras m\u00e1s altas fueron en abril con dos mil 563 y en mayo con dos mil 562.<\/p>\n\n\n\n<p>Con respecto a los asesinatos, tambi\u00e9n en los \u00faltimos meses fueron a la baja; en diciembre, por ejemplo, ocurrieron 63 homicidios y en noviembre 74; los meses con mayor n\u00famero de homicidios dolosos fueron septiembre con 90 casos y octubre con 88.<\/p>\n\n\n\n<p>Con respecto a la forma en que fueron cometidos los asesinatos, 736 del total de 896 registrados el a\u00f1o pasado, se perpetraron con un arma de fuego, se\u00f1ala el Secretariado Ejecutivo, con base en dados que env\u00eda la Fiscal\u00eda General del Estado de Oaxaca.<\/p>\n\n\n\n<p>Por otro lado, durante el a\u00f1o pasado ocurrieron 19 secuestros, de los cuales 18 fueron del tipo extorsivo y uno del tipo expr\u00e9s; el mes en que ocurri\u00f3 el mayor n\u00famero de casos fue noviembre, con siete casos, mientras que de febrero a julio no ocurri\u00f3 ning\u00fan plagio.<\/p>\n","protected":false},"excerpt":{"rendered":"<p>Ismael Garc\u00eda M.\/Zona roja. Oaxaca de Ju\u00e1rez, Oax., a 19 de enero de 2024.- Durante&hellip;<\/p>\n","protected":false},"author":2,"featured_media":67535,"comment_status":"closed","ping_status":"open","sticky":false,"template":"","format":"standard","meta":{"_lmt_disableupdate":"","_lmt_disable":"","_jetpack_memberships_contains_paid_content":false,"footnotes":""},"categories":[109,47],"tags":[174],"class_list":["post-76657","post","type-post","status-publish","format-standard","has-post-thumbnail","hentry","category-minuto-a-minuto","category-zona-gris","tag-secretariado-ejecutivo-del-sistema-nacional-de-seguridad-publica"],"jetpack_featured_media_url":"https:\/\/zonaroja.com.mx\/wp-content\/uploads\/2024\/04\/Delitos-inseguridad-violencia.jpeg","jetpack_sharing_enabled":true,"_links":{"self":[{"href":"https:\/\/zonaroja.com.mx\/index.php?rest_route=\/wp\/v2\/posts\/76657","targetHints":{"allow":["GET"]}}],"collection":[{"href":"https:\/\/zonaroja.com.mx\/index.php?rest_route=\/wp\/v2\/posts"}],"about":[{"href":"https:\/\/zonaroja.com.mx\/index.php?rest_route=\/wp\/v2\/types\/post"}],"author":[{"embeddable":true,"href":"https:\/\/zonaroja.com.mx\/index.php?rest_route=\/wp\/v2\/users\/2"}],"replies":[{"embeddable":true,"href":"https:\/\/zonaroja.com.mx\/index.php?rest_route=%2Fwp%2Fv2%2Fcomments&post=76657"}],"version-history":[{"count":2,"href":"https:\/\/zonaroja.com.mx\/index.php?rest_route=\/wp\/v2\/posts\/76657\/revisions"}],"predecessor-version":[{"id":76659,"href":"https:\/\/zonaroja.com.mx\/index.php?rest_route=\/wp\/v2\/posts\/76657\/revisions\/76659"}],"wp:featuredmedia":[{"embeddable":true,"href":"https:\/\/zonaroja.com.mx\/index.php?rest_route=\/wp\/v2\/media\/67535"}],"wp:attachment":[{"href":"https:\/\/zonaroja.com.mx\/index.php?rest_route=%2Fwp%2Fv2%2Fmedia&parent=76657"}],"wp:term":[{"taxonomy":"category","embeddable":true,"href":"https:\/\/zonaroja.com.mx\/index.php?rest_route=%2Fwp%2Fv2%2Fcategories&post=76657"},{"taxonomy":"post_tag","embeddable":true,"href":"https:\/\/zonaroja.com.mx\/index.php?rest_route=%2Fwp%2Fv2%2Ftags&post=76657"}],"curies":[{"name":"wp","href":"https:\/\/api.w.org\/{rel}","templated":true}]}}