{"id":76662,"date":"2025-01-20T07:34:13","date_gmt":"2025-01-20T13:34:13","guid":{"rendered":"https:\/\/zonaroja.com.mx\/?p=76662"},"modified":"2025-01-20T07:34:15","modified_gmt":"2025-01-20T13:34:15","slug":"violencia-criminal-incesante-en-el-istmo-tres-ejecutados","status":"publish","type":"post","link":"https:\/\/zonaroja.com.mx\/?p=76662","title":{"rendered":"Violencia criminal incesante en el Istmo: tres ejecutados"},"content":{"rendered":"\n<p>Ismael Garc\u00eda M.\/Zona Roja.<\/p>\n\n\n\n<p>Oaxaca de Ju\u00e1rez, Oax., a 20 de enero de 2025.- Tres personas fueron asesinadas a balazos en las \u00faltimas horas en la regi\u00f3n del Istmo de Tehuantepec.<\/p>\n\n\n\n<p>En la madrugada de este lunes se registro un ataque armado en la colonia Hidalgo Oriente del municipio de Salina Cruz, donde fue acribillado un individuo a\u00fan no identificado.<\/p>\n\n\n\n<p>Luego del reporte de detonaciones de arma de fuego, corporaciones policiacas arribaron a la zona pero s\u00f3lo para resguardar la escena del crimen; hasta el momento no hay reporte de personas detenidas.<\/p>\n\n\n\n<p>En tanto que anoche, alrededor de las 22:00 horas, se suscit\u00f3 otro ataque armado cerca del centro de Juchit\u00e1n de Zaragoza.<\/p>\n\n\n\n<p>En la calle 2 de Abril de la Segunda Secci\u00f3n, se suscit\u00f3 la agresi\u00f3n con arma de fuego, donde fue ultimada una persona del sexo masculino identificada como Heriberto C. C.<\/p>\n\n\n\n<p>Dos personas m\u00e1s, entre ellas una mujer, fueron trasladadas en estado grave de salud a un hospital, donde se conform\u00f3 posteriormente la muerte de otra de las v\u00edctimas, de nombre \u00c9rik T. O.<\/p>\n\n\n\n<p>La mujer la reportan delicada de salud esta ma\u00f1ana y a\u00fan no se cuentan con datos de su identidad.<\/p>\n\n\n\n<p>La Fiscal\u00eda General del Estado de Oaxaca, a trav\u00e9s de la Vicefiscal\u00eda Regional del Istmo, inici\u00f3 las indagatorias correspondientes para dar con el paradero de los delincuentes.<\/p>\n","protected":false},"excerpt":{"rendered":"<p>Ismael Garc\u00eda M.\/Zona Roja. Oaxaca de Ju\u00e1rez, Oax., a 20 de enero de 2025.- Tres&hellip;<\/p>\n","protected":false},"author":2,"featured_media":76663,"comment_status":"closed","ping_status":"open","sticky":false,"template":"","format":"standard","meta":{"_lmt_disableupdate":"","_lmt_disable":"","_jetpack_memberships_contains_paid_content":false,"footnotes":""},"categories":[109,51],"tags":[4053,297],"class_list":["post-76662","post","type-post","status-publish","format-standard","has-post-thumbnail","hentry","category-minuto-a-minuto","category-zona-roja","tag-asesinato-salina-cruz","tag-ejecutado-juchitan"],"jetpack_featured_media_url":"https:\/\/zonaroja.com.mx\/wp-content\/uploads\/2025\/01\/Ejecutado-Juchitan.jpeg","jetpack_sharing_enabled":true,"_links":{"self":[{"href":"https:\/\/zonaroja.com.mx\/index.php?rest_route=\/wp\/v2\/posts\/76662","targetHints":{"allow":["GET"]}}],"collection":[{"href":"https:\/\/zonaroja.com.mx\/index.php?rest_route=\/wp\/v2\/posts"}],"about":[{"href":"https:\/\/zonaroja.com.mx\/index.php?rest_route=\/wp\/v2\/types\/post"}],"author":[{"embeddable":true,"href":"https:\/\/zonaroja.com.mx\/index.php?rest_route=\/wp\/v2\/users\/2"}],"replies":[{"embeddable":true,"href":"https:\/\/zonaroja.com.mx\/index.php?rest_route=%2Fwp%2Fv2%2Fcomments&post=76662"}],"version-history":[{"count":1,"href":"https:\/\/zonaroja.com.mx\/index.php?rest_route=\/wp\/v2\/posts\/76662\/revisions"}],"predecessor-version":[{"id":76664,"href":"https:\/\/zonaroja.com.mx\/index.php?rest_route=\/wp\/v2\/posts\/76662\/revisions\/76664"}],"wp:featuredmedia":[{"embeddable":true,"href":"https:\/\/zonaroja.com.mx\/index.php?rest_route=\/wp\/v2\/media\/76663"}],"wp:attachment":[{"href":"https:\/\/zonaroja.com.mx\/index.php?rest_route=%2Fwp%2Fv2%2Fmedia&parent=76662"}],"wp:term":[{"taxonomy":"category","embeddable":true,"href":"https:\/\/zonaroja.com.mx\/index.php?rest_route=%2Fwp%2Fv2%2Fcategories&post=76662"},{"taxonomy":"post_tag","embeddable":true,"href":"https:\/\/zonaroja.com.mx\/index.php?rest_route=%2Fwp%2Fv2%2Ftags&post=76662"}],"curies":[{"name":"wp","href":"https:\/\/api.w.org\/{rel}","templated":true}]}}