{"id":76683,"date":"2025-01-20T12:49:04","date_gmt":"2025-01-20T18:49:04","guid":{"rendered":"https:\/\/zonaroja.com.mx\/?p=76683"},"modified":"2025-01-20T12:49:04","modified_gmt":"2025-01-20T18:49:04","slug":"padrastro-asesina-a-una-adolescente-y-una-joven-en-santa-lucia-oaxaca","status":"publish","type":"post","link":"https:\/\/zonaroja.com.mx\/?p=76683","title":{"rendered":"Padrastro asesina a una adolescente y una joven en Santa Luc\u00eda, Oaxaca"},"content":{"rendered":"\n<p>Raymundo Morales\/Zona Roja.<\/p>\n\n\n\n<p>Oaxaca de Ju\u00e1rez, Oax., a 20 de enero de 2025.- Una persona del sexo masculino, en probable estado de ebriedad, asesin\u00f3 a una adolescente y a una joven, hijas de su pareja, en un domicilio particular de Santa Luc\u00eda del Camino, Oaxaca.<\/p>\n\n\n\n<p>Los hechos sucedieron en una casa de la colonia Santa Cecilia, durante la madrugada de este lunes, en que hombre y mujer consum\u00edan bebidas embriagantes, tras lo cual se suscit\u00f3 la agresi\u00f3n.<\/p>\n\n\n\n<p>Las v\u00edctimas fueron identificadas de manera preliminar como Irene H. P., de 22 a\u00f1os de edad, y C. P. G. H., de 14 a\u00f1os y el presunto agresor huy\u00f3 del lugar, mientras que la madre de familia fue puesta a disposici\u00f3n de las autoridades ministeriales.&nbsp;<\/p>\n\n\n\n<p class=\"MsoNormal\">En un comunicado, la Fiscal\u00eda General del Estado de Oaxaca (FGEO) dio a conocer que inici\u00f3 las investigaciones correspondientes bajo el Protocolo de Actuaci\u00f3n Ministerial, Pericial y Policial en el Delito de Feminicidio, luego de tomar conocimiento de la muerte violenta de dos mujeres, ocurrido este lunes 20 de enero de 2025, en la regi\u00f3n de los Valles Centrales.<\/p>\n\n\n\n<p class=\"MsoNormal\">Indic\u00f3 que luego que la FGEO recibi\u00f3 el reporte, iniciaron los trabajos correspondientes coordinados a trav\u00e9s de la Fiscal\u00eda Especializada para la Atenci\u00f3n a Delitos Contra la Mujer por Raz\u00f3n de G\u00e9nero, que realiz\u00f3 las entrevistas y labores iniciales, a partir de los cuales se definieron l\u00edneas de investigaci\u00f3n concretas para dar con el paradero de quien o quienes resulten responsables.<\/p>\n\n\n\n<p class=\"MsoNormal\">Confirm\u00f3 que los hechos sucedieron en un domicilio particular localizado en la colonia Santa Cecilia, perteneciente al municipio de Santa Luc\u00eda del Camino, donde dos mujeres (una de ellas adolescente) perdieron la vida luego de una agresi\u00f3n.<\/p>\n","protected":false},"excerpt":{"rendered":"<p>Raymundo Morales\/Zona Roja. Oaxaca de Ju\u00e1rez, Oax., a 20 de enero de 2025.- Una persona&hellip;<\/p>\n","protected":false},"author":2,"featured_media":76682,"comment_status":"closed","ping_status":"open","sticky":false,"template":"","format":"standard","meta":{"_lmt_disableupdate":"","_lmt_disable":"","_jetpack_memberships_contains_paid_content":false,"footnotes":""},"categories":[109,51],"tags":[],"class_list":["post-76683","post","type-post","status-publish","format-standard","has-post-thumbnail","hentry","category-minuto-a-minuto","category-zona-roja"],"jetpack_featured_media_url":"https:\/\/zonaroja.com.mx\/wp-content\/uploads\/2025\/01\/abf3b68b-bde0-4b02-a477-89910aae159c-1.jpg","jetpack_sharing_enabled":true,"_links":{"self":[{"href":"https:\/\/zonaroja.com.mx\/index.php?rest_route=\/wp\/v2\/posts\/76683","targetHints":{"allow":["GET"]}}],"collection":[{"href":"https:\/\/zonaroja.com.mx\/index.php?rest_route=\/wp\/v2\/posts"}],"about":[{"href":"https:\/\/zonaroja.com.mx\/index.php?rest_route=\/wp\/v2\/types\/post"}],"author":[{"embeddable":true,"href":"https:\/\/zonaroja.com.mx\/index.php?rest_route=\/wp\/v2\/users\/2"}],"replies":[{"embeddable":true,"href":"https:\/\/zonaroja.com.mx\/index.php?rest_route=%2Fwp%2Fv2%2Fcomments&post=76683"}],"version-history":[{"count":1,"href":"https:\/\/zonaroja.com.mx\/index.php?rest_route=\/wp\/v2\/posts\/76683\/revisions"}],"predecessor-version":[{"id":76684,"href":"https:\/\/zonaroja.com.mx\/index.php?rest_route=\/wp\/v2\/posts\/76683\/revisions\/76684"}],"wp:featuredmedia":[{"embeddable":true,"href":"https:\/\/zonaroja.com.mx\/index.php?rest_route=\/wp\/v2\/media\/76682"}],"wp:attachment":[{"href":"https:\/\/zonaroja.com.mx\/index.php?rest_route=%2Fwp%2Fv2%2Fmedia&parent=76683"}],"wp:term":[{"taxonomy":"category","embeddable":true,"href":"https:\/\/zonaroja.com.mx\/index.php?rest_route=%2Fwp%2Fv2%2Fcategories&post=76683"},{"taxonomy":"post_tag","embeddable":true,"href":"https:\/\/zonaroja.com.mx\/index.php?rest_route=%2Fwp%2Fv2%2Ftags&post=76683"}],"curies":[{"name":"wp","href":"https:\/\/api.w.org\/{rel}","templated":true}]}}