{"id":76685,"date":"2025-01-20T17:12:19","date_gmt":"2025-01-20T23:12:19","guid":{"rendered":"https:\/\/zonaroja.com.mx\/?p=76685"},"modified":"2025-01-20T17:12:21","modified_gmt":"2025-01-20T23:12:21","slug":"se-consolida-la-unecaci-como-aliado-de-comunidades-indigenas-de-oaxaca","status":"publish","type":"post","link":"https:\/\/zonaroja.com.mx\/?p=76685","title":{"rendered":"Se consolida la UNECACI como aliado de comunidades ind\u00edgenas de Oaxaca"},"content":{"rendered":"\n<p>Raymundo Morales\/Zona Roja.<\/p>\n\n\n\n<p>San Pedro Huamelula, Oax., a 20 de enero de 2025.-&nbsp;Ante m\u00e1s de&nbsp;mil personas, entre representantes e integrantes de siete n\u00facleos agrarios que conforman la Uni\u00f3n de Ejidos y Comunidades Agrarias Costa Istmo (UNECACI), integrantes de los Consejos de Administraci\u00f3n y Consultivo de esa organizaci\u00f3n dieron a conocer los avances logrados a poco m\u00e1s de dos a\u00f1os de su fundaci\u00f3n y los desaf\u00edos por venir.<\/p>\n\n\n\n<p>En asamblea realizada en El&nbsp;Coyul, comunidad perteneciente a San Pedro&nbsp;Huamelula, en el Istmo de Tehuantepec, hombres y mujeres chontales y zapotecas escucharon en voz de Alfredo Manuel Mena Alonso, presidente del Consejo Consultivo que ambos Consejos son la voz de cada una de las comunidades ah\u00ed representadas y les garantiz\u00f3 que no est\u00e1n solos.<\/p>\n\n\n\n<p>Destac\u00f3 la uni\u00f3n que hay al interior de la organizaci\u00f3n, el inter\u00e9s por sumarse a las tareas que ah\u00ed se realizan, lo que asegur\u00f3, ha dado buenos resultados.<\/p>\n\n\n\n<p>\u201cEsta Uni\u00f3n no persigue un tema lucrativo o pol\u00edtico, sino que a todos nos vaya bien\u201d, subray\u00f3, y aclar\u00f3 que a nadie se le ha pedido un centavo para la organizaci\u00f3n.<\/p>\n\n\n\n<p>En su oportunidad, Domingo Garc\u00eda Mijangos, representante de la senadora morenista Luisa Cort\u00e9s Garc\u00eda, resalt\u00f3 el papel de los comisariados, habl\u00f3 de la Ley de Derechos de los Pueblos Ind\u00edgenas reci\u00e9n aprobada por el Congreso de la Uni\u00f3n, y exhort\u00f3 a los presentes reconocer el legado de sus antepasados y a continuar con la defensa del territorio.<\/p>\n\n\n\n<p>\u201cNo se olviden de los viejos, porque gracias a ellos es que nuestros pueblos est\u00e1n vivos\u201d, dijo.<\/p>\n\n\n\n<p>Por su parte, ejidatarios y habitantes tambi\u00e9n alzaron la voz para exponer dudas y cuestionamientos, mismas que una a una fueron resueltas.&nbsp;<\/p>\n\n\n\n<p>En tanto,&nbsp;Martinelda&nbsp;Cordero R\u00edos presidenta del Comisariado Ejidal de Santa Cruz Bamba y Garrapatero reconoci\u00f3 algunos de los beneficios que la creaci\u00f3n de&nbsp;la UNECACI ha tra\u00eddo lo mismo para su comunidad y otras como: Ejido R\u00edo Seco, San Isidro&nbsp;Chacalapa, Santiago&nbsp;Astata, Santa Gertrudis Miramar y Morro Mazat\u00e1n.<\/p>\n\n\n\n<p>A su vez, Nah\u00fam Rey&nbsp;Bende, presidente de la UNECACI, reafirm\u00f3 la confianza de quienes conforman dicha Uni\u00f3n hacia los integrantes de los Consejo de Administraci\u00f3n y Consultivo porque si nosotros no formamos grupos como a\u00f1os pasados que no tenemos qui\u00e9n nos asesore quien nos lleve por buen camino nunca saldremos de la miseria\u201d.<\/p>\n\n\n\n<p>Finalmente, Alfredo Manuel Mena Alonso, presidente del Consejo Consultivo de la UNECACI habl\u00f3 de los proyectos que vienen para la organizaci\u00f3n en 2025, entre ellos los relacionados con el campo, la electrificaci\u00f3n, el agua, y dej\u00f3 la puerta abierta de cara a la pr\u00f3xima asamblea a realizarse en los pr\u00f3ximos meses para seguir fortaleciendo a la Uni\u00f3n y por el futuro de los chontales y zapotecas.<\/p>\n\n\n\n<figure class=\"wp-block-embed is-type-rich is-provider-twitter wp-block-embed-twitter\"><div class=\"wp-block-embed__wrapper\">\n<div class=\"twitter-tweet\"><blockquote class=\"twitter-tweet\" data-lang=\"es\"><p lang=\"es\" dir=\"ltr\">La Uni\u00f3n de Ejidos y Comunidades Agrarias Costa-Istmo (UNECACI) reuni\u00f3 a m\u00e1s de mil integrantes de siete n\u00facleos agrarios del Istmo de Tehuantepec y la regi\u00f3n de la Costa de Oaxaca, en su primera asamblea del 2025.<br><br>Proyectaron una importante gesti\u00f3n de recursos federales y\u2026 <a href=\"https:\/\/t.co\/Nxt7T6X9xY\">pic.twitter.com\/Nxt7T6X9xY<\/a><\/p>&mdash; Zona Roja Oaxaca (@ZonaRoja_Oaxaca) <a href=\"https:\/\/twitter.com\/ZonaRoja_Oaxaca\/status\/1881447797838237735?ref_src=twsrc%5Etfw\">20 de enero de 2025<\/a><\/blockquote><\/div>\n<\/div><\/figure>\n","protected":false},"excerpt":{"rendered":"<p>Raymundo Morales\/Zona Roja. San Pedro Huamelula, Oax., a 20 de enero de 2025.-&nbsp;Ante m\u00e1s de&nbsp;mil&hellip;<\/p>\n","protected":false},"author":2,"featured_media":76686,"comment_status":"closed","ping_status":"open","sticky":false,"template":"","format":"standard","meta":{"_lmt_disableupdate":"","_lmt_disable":"","_jetpack_memberships_contains_paid_content":false,"footnotes":""},"categories":[109,46],"tags":[4173],"class_list":["post-76685","post","type-post","status-publish","format-standard","has-post-thumbnail","hentry","category-minuto-a-minuto","category-zona-blanca","tag-union-de-ejidos-y-comunidades-agrarias-costa-e-istmo"],"jetpack_featured_media_url":"https:\/\/zonaroja.com.mx\/wp-content\/uploads\/2025\/01\/Union-de-Comunidades-Agracias-Costa-Istmo.jpg","jetpack_sharing_enabled":true,"_links":{"self":[{"href":"https:\/\/zonaroja.com.mx\/index.php?rest_route=\/wp\/v2\/posts\/76685","targetHints":{"allow":["GET"]}}],"collection":[{"href":"https:\/\/zonaroja.com.mx\/index.php?rest_route=\/wp\/v2\/posts"}],"about":[{"href":"https:\/\/zonaroja.com.mx\/index.php?rest_route=\/wp\/v2\/types\/post"}],"author":[{"embeddable":true,"href":"https:\/\/zonaroja.com.mx\/index.php?rest_route=\/wp\/v2\/users\/2"}],"replies":[{"embeddable":true,"href":"https:\/\/zonaroja.com.mx\/index.php?rest_route=%2Fwp%2Fv2%2Fcomments&post=76685"}],"version-history":[{"count":1,"href":"https:\/\/zonaroja.com.mx\/index.php?rest_route=\/wp\/v2\/posts\/76685\/revisions"}],"predecessor-version":[{"id":76687,"href":"https:\/\/zonaroja.com.mx\/index.php?rest_route=\/wp\/v2\/posts\/76685\/revisions\/76687"}],"wp:featuredmedia":[{"embeddable":true,"href":"https:\/\/zonaroja.com.mx\/index.php?rest_route=\/wp\/v2\/media\/76686"}],"wp:attachment":[{"href":"https:\/\/zonaroja.com.mx\/index.php?rest_route=%2Fwp%2Fv2%2Fmedia&parent=76685"}],"wp:term":[{"taxonomy":"category","embeddable":true,"href":"https:\/\/zonaroja.com.mx\/index.php?rest_route=%2Fwp%2Fv2%2Fcategories&post=76685"},{"taxonomy":"post_tag","embeddable":true,"href":"https:\/\/zonaroja.com.mx\/index.php?rest_route=%2Fwp%2Fv2%2Ftags&post=76685"}],"curies":[{"name":"wp","href":"https:\/\/api.w.org\/{rel}","templated":true}]}}