{"id":76688,"date":"2025-01-20T18:06:09","date_gmt":"2025-01-21T00:06:09","guid":{"rendered":"https:\/\/zonaroja.com.mx\/?p=76688"},"modified":"2025-01-20T18:06:11","modified_gmt":"2025-01-21T00:06:11","slug":"hallan-tres-vehiculos-de-los-siete-desaparecidos-confirman-relacion-con-delitos","status":"publish","type":"post","link":"https:\/\/zonaroja.com.mx\/?p=76688","title":{"rendered":"Hallan tres veh\u00edculos de los siete desaparecidos; confirman relaci\u00f3n con delitos"},"content":{"rendered":"\n<p>Ismael Garc\u00eda M.\/Zona Roja.<\/p>\n\n\n\n<p>Oaxaca de Ju\u00e1rez, Oax., a 20 de enero de 2025.- Tres veh\u00edculos en que se transportaban los j\u00f3venes desaparecidos fueron hallados a un costado de la carretera federal 175, cerca de la desviaci\u00f3n a la supercarretera a Puerto Escondido, jurisdicci\u00f3n de Ejutla de Crespo.<\/p>\n\n\n\n<p>As\u00ed lo confirm\u00f3 este lunes el responsable de la Fiscal\u00eda General del Estado de Oaxaca, Bernardo Rodr\u00edguez Alamilla, al participar en la conferencia de prensa del gobernador Salom\u00f3n Jara Cruz.<\/p>\n\n\n\n<p>A\u00f1adi\u00f3 que, como resultado de estas labores de investigaci\u00f3n, se ha podido determinar que las siete personas reportadas como No Localizadas se conoc\u00edan entre ellas, adem\u00e1s que fueron convocados a la regi\u00f3n de la Costa, por una persona identificada como \u201cEl Patr\u00f3n\u201d para presumiblemente abordar cuestiones de trabajo.<\/p>\n\n\n\n<p>Expuso tambi\u00e9n que se trasladaron a la regi\u00f3n Costa por distintos medios y en distintos momentos; adem\u00e1s dentro de las diferentes l\u00edneas de investigaci\u00f3n respecto a este caso se hall\u00f3 que seis de ellos contaban con antecedentes penales, informaci\u00f3n que se investiga con el objetivo de saber si estos datos contextuales representan alg\u00fan nivel de riesgo para las v\u00edctimas.<\/p>\n\n\n\n<p>\u201cS\u00ed, la investigaci\u00f3n que tenemos, es que seis de las siete personas, s\u00ed tienen antecedentes penales, algunos por portaci\u00f3n de armas, cobro de piso y algunos de violencia al interior de sus propias familias\u201d,respondi\u00f3 a pregunta expresa.<\/p>\n\n\n\n<p>Rodr\u00edguez Alamilla explic\u00f3 que a partir de este hallazgo, la Fiscal\u00eda de Oaxaca realiza procesos de rectificaci\u00f3n de las zonas de b\u00fasqueda, con el objetivo de focalizar en forma m\u00e1s estrat\u00e9gica las labores de localizaci\u00f3n con base en la informaci\u00f3n que ha arrojado los nuevos hallazgos en este caso.<\/p>\n\n\n\n<p>Por lo que despliega equipos multidisciplinarios para realizar intervenciones integrales, adem\u00e1s de llevar a cabo operativos de b\u00fasqueda y localizaci\u00f3n en estrecha coordinaci\u00f3n con la Secretar\u00eda de la Defensa Nacional (Defensa), Secretar\u00eda de Marina (Semar), Guardia Nacional, Polic\u00eda Estatal de la Secretar\u00eda de Seguridad y Protecci\u00f3n Ciudadana, as\u00ed como polic\u00edas municipales de la Costa y de la Comisi\u00f3n Estatal de B\u00fasqueda del Estado de Oaxaca, labores que se respaldan con los trabajos de inteligencia criminal.<\/p>\n\n\n\n<p>El Fiscal Bernardo Rodr\u00edguez Alamilla record\u00f3 que las denuncias sobre la no localizaci\u00f3n de las siete personas las recibi\u00f3 la Fiscal\u00eda entre el 11 y 14 de enero, los familiares de las v\u00edctimas indicaron que fueron vistos por \u00faltima vez en diferentes puntos de la regi\u00f3n de Valles Centrales.<\/p>\n\n\n\n<figure class=\"wp-block-embed is-type-rich is-provider-twitter wp-block-embed-twitter\"><div class=\"wp-block-embed__wrapper\">\n<div class=\"twitter-tweet\"><blockquote class=\"twitter-tweet\" data-lang=\"es\"><p lang=\"es\" dir=\"ltr\"><a href=\"https:\/\/twitter.com\/hashtag\/%C3%9AltimoMinuto?src=hash&amp;ref_src=twsrc%5Etfw\">#\u00daltimoMinuto<\/a><br>Tres veh\u00edculos que presuntamente utilizaban los siete j\u00f3venes desaparecidos en Oaxaca, fueron localizados el fin de semana en jurisdicci\u00f3n de Ejutla de Crespo, confirm\u00f3 esta ma\u00f1ana el titular de la <a href=\"https:\/\/twitter.com\/FISCALIA_GobOax?ref_src=twsrc%5Etfw\">@FISCALIA_GobOax<\/a>, <a href=\"https:\/\/twitter.com\/FiscalOaxaca?ref_src=twsrc%5Etfw\">@FiscalOaxaca<\/a>, en la conferencia de prensa del\u2026 <a href=\"https:\/\/t.co\/19pp3yhURf\">pic.twitter.com\/19pp3yhURf<\/a><\/p>&mdash; Zona Roja Oaxaca (@ZonaRoja_Oaxaca) <a href=\"https:\/\/twitter.com\/ZonaRoja_Oaxaca\/status\/1881370227725762580?ref_src=twsrc%5Etfw\">20 de enero de 2025<\/a><\/blockquote><\/div>\n<\/div><\/figure>\n","protected":false},"excerpt":{"rendered":"<p>Ismael Garc\u00eda M.\/Zona Roja. Oaxaca de Ju\u00e1rez, Oax., a 20 de enero de 2025.- Tres&hellip;<\/p>\n","protected":false},"author":2,"featured_media":76689,"comment_status":"closed","ping_status":"open","sticky":false,"template":"","format":"standard","meta":{"_lmt_disableupdate":"","_lmt_disable":"","_jetpack_memberships_contains_paid_content":false,"footnotes":""},"categories":[109,46],"tags":[494],"class_list":["post-76688","post","type-post","status-publish","format-standard","has-post-thumbnail","hentry","category-minuto-a-minuto","category-zona-blanca","tag-fiscalia-general-del-estado-de-oaxaca"],"jetpack_featured_media_url":"https:\/\/zonaroja.com.mx\/wp-content\/uploads\/2025\/01\/Fiscal-Oaxaca-Bernardo-Rodriguez-conferencia.jpeg","jetpack_sharing_enabled":true,"_links":{"self":[{"href":"https:\/\/zonaroja.com.mx\/index.php?rest_route=\/wp\/v2\/posts\/76688","targetHints":{"allow":["GET"]}}],"collection":[{"href":"https:\/\/zonaroja.com.mx\/index.php?rest_route=\/wp\/v2\/posts"}],"about":[{"href":"https:\/\/zonaroja.com.mx\/index.php?rest_route=\/wp\/v2\/types\/post"}],"author":[{"embeddable":true,"href":"https:\/\/zonaroja.com.mx\/index.php?rest_route=\/wp\/v2\/users\/2"}],"replies":[{"embeddable":true,"href":"https:\/\/zonaroja.com.mx\/index.php?rest_route=%2Fwp%2Fv2%2Fcomments&post=76688"}],"version-history":[{"count":1,"href":"https:\/\/zonaroja.com.mx\/index.php?rest_route=\/wp\/v2\/posts\/76688\/revisions"}],"predecessor-version":[{"id":76690,"href":"https:\/\/zonaroja.com.mx\/index.php?rest_route=\/wp\/v2\/posts\/76688\/revisions\/76690"}],"wp:featuredmedia":[{"embeddable":true,"href":"https:\/\/zonaroja.com.mx\/index.php?rest_route=\/wp\/v2\/media\/76689"}],"wp:attachment":[{"href":"https:\/\/zonaroja.com.mx\/index.php?rest_route=%2Fwp%2Fv2%2Fmedia&parent=76688"}],"wp:term":[{"taxonomy":"category","embeddable":true,"href":"https:\/\/zonaroja.com.mx\/index.php?rest_route=%2Fwp%2Fv2%2Fcategories&post=76688"},{"taxonomy":"post_tag","embeddable":true,"href":"https:\/\/zonaroja.com.mx\/index.php?rest_route=%2Fwp%2Fv2%2Ftags&post=76688"}],"curies":[{"name":"wp","href":"https:\/\/api.w.org\/{rel}","templated":true}]}}