{"id":76691,"date":"2025-01-20T19:22:04","date_gmt":"2025-01-21T01:22:04","guid":{"rendered":"https:\/\/zonaroja.com.mx\/?p=76691"},"modified":"2025-01-20T19:22:07","modified_gmt":"2025-01-21T01:22:07","slug":"anuncian-programa-emergente-de-apoyo-a-migrantes-repatriados","status":"publish","type":"post","link":"https:\/\/zonaroja.com.mx\/?p=76691","title":{"rendered":"Anuncian programa emergente de apoyo a migrantes repatriados"},"content":{"rendered":"\n<p>Redacci\u00f3n\/Zona Roja.<\/p>\n\n\n\n<p>Oaxaca de Ju\u00e1rez, Oax., a 20 de enero de 2025.- El gobernador de Oaxaca, Salom\u00f3n Jara Cruz, anunci\u00f3 el programa emergente de apoyo a personas repatriadas, con la finalidad de brindar acompa\u00f1amiento a las y los oaxaque\u00f1os que puedan resultar afectados por la pol\u00edtica migratoria del nuevo gobierno de Estados Unidos.<\/p>\n\n\n\n<p>Esta acci\u00f3n informada durante la conferencia matutina, responde al inicio, este 20 de enero, del segundo mandato del Presidente de Estados Unidos, Donald Trump, y al llamado que realiz\u00f3 la Presidenta de M\u00e9xico, Claudia Sheinbaum a los gobiernos de los estados para cerrar filas y atender a este sector.<\/p>\n\n\n\n<p>\u201cEstaremos muy atentos a la pol\u00edtica migratoria del pa\u00eds vecino y nos mantendremos cercanos a nuestras paisanas y paisanos\u201d, afirm\u00f3 Jara Cruz.<\/p>\n\n\n\n<p>En este sentido, a trav\u00e9s de diversas instituciones del gobierno de Oaxaca, se habilitar\u00e1 una ventanilla preferencial y un m\u00f3dulo de apoyo a personas en situaci\u00f3n de retorno, que requieran alg\u00fan documento de identidad o constancia.<\/p>\n\n\n\n<p>Por consiguiente, se otorgar\u00e1 un est\u00edmulo fiscal del 100 por ciento en diversos servicios como: la impresi\u00f3n de actas de nacimientos, aclaraciones, constancias y fotocopias certificadas; tambi\u00e9n se brindar\u00e1 capacitaci\u00f3n para el trabajo, simplificaci\u00f3n de tr\u00e1mites para estudiar, regularizaci\u00f3n y validaci\u00f3n de estudios en el extranjero, entre otros; para quienes lo requieran.<\/p>\n\n\n\n<p>Cabe destacar que, en 2024 la actual administraci\u00f3n estatal apoy\u00f3 con vinculaci\u00f3n laboral a 320 personas repatriadas.<\/p>\n\n\n\n<p>Por otra parte, el Gobernador oaxaque\u00f1o se\u00f1al\u00f3 que se continuar\u00e1 trabajando para coadyuvar a la consolidaci\u00f3n del segundo piso de la Cuarta Transformaci\u00f3n con el Plan M\u00e9xico, reci\u00e9n presentado por la Presidenta Sheinbaum Pardo que impulsa el desarrollo econ\u00f3mico del pa\u00eds.<\/p>\n\n\n\n<p>Este modelo se basa en el humanismo mexicano e inversi\u00f3n p\u00fablica y privada, los cuales se conjugan y priorizan el bienestar y la prosperidad de las personas, \u201cporque no hay justicia donde la riqueza es s\u00f3lo para unos cuantos\u201d, precis\u00f3.<\/p>\n\n\n\n<figure class=\"wp-block-embed is-type-rich is-provider-twitter wp-block-embed-twitter\"><div class=\"wp-block-embed__wrapper\">\n<div class=\"twitter-tweet\"><blockquote class=\"twitter-tweet\" data-lang=\"es\"><p lang=\"es\" dir=\"ltr\">Durante su conferencia de este lunes, el gobernador <a href=\"https:\/\/twitter.com\/salomonj?ref_src=twsrc%5Etfw\">@salomonj<\/a> habl\u00f3 de la problem\u00e1tica migratoria, a ra\u00edz del inicio del mandato de Donald Trump en Estados Unidos, y dio a conocer acciones que se emprender\u00e1n para apoyar a las personas que sean repatriadas; asimismo, detall\u00f3 los\u2026 <a href=\"https:\/\/t.co\/LaVhaHpxTq\">pic.twitter.com\/LaVhaHpxTq<\/a><\/p>&mdash; Zona Roja Oaxaca (@ZonaRoja_Oaxaca) <a href=\"https:\/\/twitter.com\/ZonaRoja_Oaxaca\/status\/1881433812082565253?ref_src=twsrc%5Etfw\">20 de enero de 2025<\/a><\/blockquote><\/div>\n<\/div><\/figure>\n","protected":false},"excerpt":{"rendered":"<p>Redacci\u00f3n\/Zona Roja. Oaxaca de Ju\u00e1rez, Oax., a 20 de enero de 2025.- El gobernador de&hellip;<\/p>\n","protected":false},"author":2,"featured_media":76692,"comment_status":"closed","ping_status":"open","sticky":false,"template":"","format":"standard","meta":{"_lmt_disableupdate":"","_lmt_disable":"","_jetpack_memberships_contains_paid_content":false,"footnotes":""},"categories":[109,46],"tags":[939],"class_list":["post-76691","post","type-post","status-publish","format-standard","has-post-thumbnail","hentry","category-minuto-a-minuto","category-zona-blanca","tag-salomon-jara-cruz"],"jetpack_featured_media_url":"https:\/\/zonaroja.com.mx\/wp-content\/uploads\/2025\/01\/Anuncia-Gobernador-Salomon-Jara-programa-emergente-de-apoyo-a-personas-repatriadas-1.jpg","jetpack_sharing_enabled":true,"_links":{"self":[{"href":"https:\/\/zonaroja.com.mx\/index.php?rest_route=\/wp\/v2\/posts\/76691","targetHints":{"allow":["GET"]}}],"collection":[{"href":"https:\/\/zonaroja.com.mx\/index.php?rest_route=\/wp\/v2\/posts"}],"about":[{"href":"https:\/\/zonaroja.com.mx\/index.php?rest_route=\/wp\/v2\/types\/post"}],"author":[{"embeddable":true,"href":"https:\/\/zonaroja.com.mx\/index.php?rest_route=\/wp\/v2\/users\/2"}],"replies":[{"embeddable":true,"href":"https:\/\/zonaroja.com.mx\/index.php?rest_route=%2Fwp%2Fv2%2Fcomments&post=76691"}],"version-history":[{"count":1,"href":"https:\/\/zonaroja.com.mx\/index.php?rest_route=\/wp\/v2\/posts\/76691\/revisions"}],"predecessor-version":[{"id":76693,"href":"https:\/\/zonaroja.com.mx\/index.php?rest_route=\/wp\/v2\/posts\/76691\/revisions\/76693"}],"wp:featuredmedia":[{"embeddable":true,"href":"https:\/\/zonaroja.com.mx\/index.php?rest_route=\/wp\/v2\/media\/76692"}],"wp:attachment":[{"href":"https:\/\/zonaroja.com.mx\/index.php?rest_route=%2Fwp%2Fv2%2Fmedia&parent=76691"}],"wp:term":[{"taxonomy":"category","embeddable":true,"href":"https:\/\/zonaroja.com.mx\/index.php?rest_route=%2Fwp%2Fv2%2Fcategories&post=76691"},{"taxonomy":"post_tag","embeddable":true,"href":"https:\/\/zonaroja.com.mx\/index.php?rest_route=%2Fwp%2Fv2%2Ftags&post=76691"}],"curies":[{"name":"wp","href":"https:\/\/api.w.org\/{rel}","templated":true}]}}