{"id":76694,"date":"2025-01-20T21:08:37","date_gmt":"2025-01-21T03:08:37","guid":{"rendered":"https:\/\/zonaroja.com.mx\/?p=76694"},"modified":"2025-01-20T21:08:39","modified_gmt":"2025-01-21T03:08:39","slug":"con-tequios-recuperan-mas-espacios-publicos-en-xoxocotlan","status":"publish","type":"post","link":"https:\/\/zonaroja.com.mx\/?p=76694","title":{"rendered":"Con tequios, recuperan m\u00e1s espacios p\u00fablicos en Xoxocotl\u00e1n"},"content":{"rendered":"\n<p>Redacci\u00f3n\/Zona Roja.<\/p>\n\n\n\n<p>Oaxaca de Ju\u00e1rez, Oax., a 20 de enero de 2025.- La presidenta municipal de Santa Cruz Xoxocotl\u00e1n, Nancy Ben\u00edtez Z\u00e1rate, encabez\u00f3 los Tequios por la Seguridad, organizados en coordinaci\u00f3n con el gobierno estatal, para recuperar espacios abandonados y convertirlos en lugares donde se fomenten el deporte y la cultura.<\/p>\n\n\n\n<p>Durante el s\u00e1bado, se rehabilit\u00f3 la cancha deportiva de la agencia de polic\u00eda de San Isidro Monjas, y el domingo, la cancha de la colonia Primera Ampliaci\u00f3n, donde decenas de vecinas y vecinos participaron, con el objetivo de rescatar los lugares p\u00fablicos y promover la seguridad en la zona.<\/p>\n\n\n\n<p>Estos tequios son parte de un esfuerzo para mejorar la calidad de vida de los habitantes de Santa Cruz Xoxocotl\u00e1n, \u00abhemos tenido una excelente respuesta por parte de las colonias, agencias y barrios\u00bb, destac\u00f3 la presidenta municipal.<\/p>\n\n\n\n<p>Detall\u00f3, adem\u00e1s, que son los mismos ciudadanos los que han solicitado que se realicen los tequios en sus barrios o fraccionamientos. Y adelant\u00f3 que se har\u00e1n diversas actividades con mujeres, y se implementar\u00e1 el programa \u00abSenderos de Paz\u00bb, en coordinaci\u00f3n con el gobierno del estado.<\/p>\n\n\n\n<p>Estos trabajos incluyen limpieza y mantenimiento de los espacios p\u00fablicos, la promoci\u00f3n de actividades deportivas y culturales, para fomentar la participaci\u00f3n ciudadana, y fortalecer la seguridad.<\/p>\n\n\n\n<p>Adem\u00e1s, la edil Ben\u00edtez Z\u00e1rate inform\u00f3 que se est\u00e1n realizando operativos de seguridad en coordinaci\u00f3n con el Gobierno de Oaxaca y la Guardia Nacional.&nbsp;<\/p>\n\n\n\n<p>\u00abEstamos trabajando arduamente para fortalecer la seguridad de nuestros ciudadanos y para mejorar la calidad de vida de todos los habitantes de nuestro municipio\u00bb, resalt\u00f3.<\/p>\n\n\n\n<p>Finalmente, invit\u00f3 a las y los ciudadanos a sumarse a las actividades del programa y a participar en la mejora de sus colonias y barrios, \u00ablas puertas del ayuntamiento est\u00e1n abiertas para todos\u00bb, concluy\u00f3.<\/p>\n\n\n\n<figure class=\"wp-block-embed is-type-rich is-provider-twitter wp-block-embed-twitter\"><div class=\"wp-block-embed__wrapper\">\n<div class=\"twitter-tweet\"><blockquote class=\"twitter-tweet\" data-lang=\"es\"><p lang=\"es\" dir=\"ltr\">En Santa Cruz Xoxocotl\u00e1n seguimos trabajando para recuperar y embellecer nuestros espacios p\u00fablicos. \ud83e\udd29<br><br>Hoy participamos en el \u201cTequio por la Seguridad\u201d en la colonia Primera Ampliaci\u00f3n, como parte del programa estatal \u201cVecinas y Vecinos por La Paz\u201d, en coordinaci\u00f3n con el\u2026 <a href=\"https:\/\/t.co\/J6MwfKgRHp\">pic.twitter.com\/J6MwfKgRHp<\/a><\/p>&mdash; Nancy Ben\u00edtez (@Nancy_Benitez_) <a href=\"https:\/\/twitter.com\/Nancy_Benitez_\/status\/1881226096617590927?ref_src=twsrc%5Etfw\">20 de enero de 2025<\/a><\/blockquote><\/div>\n<\/div><\/figure>\n","protected":false},"excerpt":{"rendered":"<p>Redacci\u00f3n\/Zona Roja. Oaxaca de Ju\u00e1rez, Oax., a 20 de enero de 2025.- La presidenta municipal&hellip;<\/p>\n","protected":false},"author":2,"featured_media":76695,"comment_status":"closed","ping_status":"open","sticky":false,"template":"","format":"standard","meta":{"_lmt_disableupdate":"","_lmt_disable":"","_jetpack_memberships_contains_paid_content":false,"footnotes":""},"categories":[109,46],"tags":[3376],"class_list":["post-76694","post","type-post","status-publish","format-standard","has-post-thumbnail","hentry","category-minuto-a-minuto","category-zona-blanca","tag-nancy-benitez"],"jetpack_featured_media_url":"https:\/\/zonaroja.com.mx\/wp-content\/uploads\/2025\/01\/Nancy-Benitez-tequios-xoxo.jpeg","jetpack_sharing_enabled":true,"_links":{"self":[{"href":"https:\/\/zonaroja.com.mx\/index.php?rest_route=\/wp\/v2\/posts\/76694","targetHints":{"allow":["GET"]}}],"collection":[{"href":"https:\/\/zonaroja.com.mx\/index.php?rest_route=\/wp\/v2\/posts"}],"about":[{"href":"https:\/\/zonaroja.com.mx\/index.php?rest_route=\/wp\/v2\/types\/post"}],"author":[{"embeddable":true,"href":"https:\/\/zonaroja.com.mx\/index.php?rest_route=\/wp\/v2\/users\/2"}],"replies":[{"embeddable":true,"href":"https:\/\/zonaroja.com.mx\/index.php?rest_route=%2Fwp%2Fv2%2Fcomments&post=76694"}],"version-history":[{"count":1,"href":"https:\/\/zonaroja.com.mx\/index.php?rest_route=\/wp\/v2\/posts\/76694\/revisions"}],"predecessor-version":[{"id":76696,"href":"https:\/\/zonaroja.com.mx\/index.php?rest_route=\/wp\/v2\/posts\/76694\/revisions\/76696"}],"wp:featuredmedia":[{"embeddable":true,"href":"https:\/\/zonaroja.com.mx\/index.php?rest_route=\/wp\/v2\/media\/76695"}],"wp:attachment":[{"href":"https:\/\/zonaroja.com.mx\/index.php?rest_route=%2Fwp%2Fv2%2Fmedia&parent=76694"}],"wp:term":[{"taxonomy":"category","embeddable":true,"href":"https:\/\/zonaroja.com.mx\/index.php?rest_route=%2Fwp%2Fv2%2Fcategories&post=76694"},{"taxonomy":"post_tag","embeddable":true,"href":"https:\/\/zonaroja.com.mx\/index.php?rest_route=%2Fwp%2Fv2%2Ftags&post=76694"}],"curies":[{"name":"wp","href":"https:\/\/api.w.org\/{rel}","templated":true}]}}