{"id":76697,"date":"2025-01-20T21:45:57","date_gmt":"2025-01-21T03:45:57","guid":{"rendered":"https:\/\/zonaroja.com.mx\/?p=76697"},"modified":"2025-01-20T21:45:59","modified_gmt":"2025-01-21T03:45:59","slug":"probables-disputas-entre-transportistas-triple-ejecucion-en-oaxaca-capital","status":"publish","type":"post","link":"https:\/\/zonaroja.com.mx\/?p=76697","title":{"rendered":"Probables disputas entre transportistas, triple ejecuci\u00f3n en Oaxaca capital"},"content":{"rendered":"\n<p>Raymundo Morales\/Zona Roja.<\/p>\n\n\n\n<p>Oaxaca de Ju\u00e1rez, Oax., a 20 de enero de 2024.- La ejecuci\u00f3n de tres personas en la ciudad de Oaxaca, la madrugada del pasado s\u00e1bado, podr\u00eda estar relacionado por disputas entre organizaciones de transportistas.<\/p>\n\n\n\n<p>As\u00ed lo considera una de las l\u00edneas de investigaci\u00f3n de la Fiscal\u00eda General del Estado, que cuenta con pistas acerca de los probables agresores y la ruta de escape que utilizaron, a bordo de dos unidades de motor.<\/p>\n\n\n\n<p>Esta ma\u00f1ana, el titular de la Fiscal\u00eda General del Estado de Oaxaca, Bernardo Rodr\u00edguez Alamilla, dio m\u00e1s informaci\u00f3n respecto a los hechos sucedidos alrededor de las 01:40 horas en el estacionamiento de la tienda Office Depot, en la avenida Universidad, agencia de Candiani, zona del centro comercial Plaza del Valle.<\/p>\n\n\n\n<p>\u201cSe re\u00fanen sobre la avenida Universidad un conjunto de personas para correr veh\u00edculos; estaban ya despidi\u00e9ndose y a la 01:40 una persona se acerca y dispara contra las tres personas, que desafortunadamente pierden la vida.<\/p>\n\n\n\n<p>\u201cPor trabajos de inteligencia, por entrevistas, por la propia din\u00e1mica que ocurri\u00f3 ah\u00ed, tenemos que se localizaron tres cad\u00e1veres, 11 impactos por proyectil de arma de fuego, 17 casquillos nueve mil\u00edmetros, seis m\u00e1s .380, seis tel\u00e9fonos celulares y cuatro unidades de motor.<\/p>\n\n\n\n<p>\u201cLa l\u00ednea principal que tenemos es temas relacionados a la disputa por asuntos gremiales entre personas, con otros grupos que tambi\u00e9n a estas actividades\u201d, detall\u00f3 en conferencia de prensa.<\/p>\n\n\n\n<p>Indic\u00f3 que se tiene identificada una camioneta de color negra que se llev\u00f3 a una persona; de acuerdo con las c\u00e1maras de vigilancia, se fue hacia el norte, rumbo al cerro del \u201cFort\u00edn\u201d, el \u00faltimo lugar donde se le visualiz\u00f3 fue en el crucero de Brenamiel, cerca de Santa Rosa Panzacola,, zona poniente de la capital.<\/p>\n\n\n\n<p>\u201cSeguimos haciendo trabajos de inteligencia en torno a las l\u00edneas telef\u00f3nicas; tenemos la participaci\u00f3n de otro veh\u00edculo que creemos iba siguiendo a la camioneta, en este caso una motocicleta\u201d, revel\u00f3 Rodr\u00edguez Alamilla.<\/p>\n\n\n\n<p>Las v\u00edctimas de la agresi\u00f3n armada han sido identificadas como Caleb R. O. \u2014dirigente de transportistas de la CTM y ex candidato a edil por el PVEM en San Pedro Pochutla-, Carlos Alberto R. L. y Uriel G. M.<\/p>\n","protected":false},"excerpt":{"rendered":"<p>Raymundo Morales\/Zona Roja. Oaxaca de Ju\u00e1rez, Oax., a 20 de enero de 2024.- La ejecuci\u00f3n&hellip;<\/p>\n","protected":false},"author":2,"featured_media":76698,"comment_status":"closed","ping_status":"open","sticky":false,"template":"","format":"standard","meta":{"_lmt_disableupdate":"","_lmt_disable":"","_jetpack_memberships_contains_paid_content":false,"footnotes":""},"categories":[109,46],"tags":[494],"class_list":["post-76697","post","type-post","status-publish","format-standard","has-post-thumbnail","hentry","category-minuto-a-minuto","category-zona-blanca","tag-fiscalia-general-del-estado-de-oaxaca"],"jetpack_featured_media_url":"https:\/\/zonaroja.com.mx\/wp-content\/uploads\/2025\/01\/Triple-homicidio-ciudad-de-Oaxaca.jpg","jetpack_sharing_enabled":true,"_links":{"self":[{"href":"https:\/\/zonaroja.com.mx\/index.php?rest_route=\/wp\/v2\/posts\/76697","targetHints":{"allow":["GET"]}}],"collection":[{"href":"https:\/\/zonaroja.com.mx\/index.php?rest_route=\/wp\/v2\/posts"}],"about":[{"href":"https:\/\/zonaroja.com.mx\/index.php?rest_route=\/wp\/v2\/types\/post"}],"author":[{"embeddable":true,"href":"https:\/\/zonaroja.com.mx\/index.php?rest_route=\/wp\/v2\/users\/2"}],"replies":[{"embeddable":true,"href":"https:\/\/zonaroja.com.mx\/index.php?rest_route=%2Fwp%2Fv2%2Fcomments&post=76697"}],"version-history":[{"count":1,"href":"https:\/\/zonaroja.com.mx\/index.php?rest_route=\/wp\/v2\/posts\/76697\/revisions"}],"predecessor-version":[{"id":76699,"href":"https:\/\/zonaroja.com.mx\/index.php?rest_route=\/wp\/v2\/posts\/76697\/revisions\/76699"}],"wp:featuredmedia":[{"embeddable":true,"href":"https:\/\/zonaroja.com.mx\/index.php?rest_route=\/wp\/v2\/media\/76698"}],"wp:attachment":[{"href":"https:\/\/zonaroja.com.mx\/index.php?rest_route=%2Fwp%2Fv2%2Fmedia&parent=76697"}],"wp:term":[{"taxonomy":"category","embeddable":true,"href":"https:\/\/zonaroja.com.mx\/index.php?rest_route=%2Fwp%2Fv2%2Fcategories&post=76697"},{"taxonomy":"post_tag","embeddable":true,"href":"https:\/\/zonaroja.com.mx\/index.php?rest_route=%2Fwp%2Fv2%2Ftags&post=76697"}],"curies":[{"name":"wp","href":"https:\/\/api.w.org\/{rel}","templated":true}]}}