{"id":7670,"date":"2020-01-14T18:00:43","date_gmt":"2020-01-15T00:00:43","guid":{"rendered":"http:\/\/www.zonaroja.com.mx\/?p=7670"},"modified":"2020-01-14T18:00:47","modified_gmt":"2020-01-15T00:00:47","slug":"dilacion-en-fiscalia-general-permitio-fuga-de-vera-carrizal-diputado-horacio-sosa","status":"publish","type":"post","link":"https:\/\/zonaroja.com.mx\/?p=7670","title":{"rendered":"Dilaci\u00f3n en Fiscal\u00eda General permiti\u00f3 fuga de Vera Carrizal: diputado Horacio Sosa"},"content":{"rendered":"\n<p>Ismael\nGarc\u00eda M.\/Zona Roja.<\/p>\n\n\n\n<p>Oaxaca de\nJu\u00e1rez, Oax., 14 de enero de 2020.- Anoche se confirm\u00f3 que un juez del Poder\nJudicial de Oaxaca liber\u00f3 la orden de aprehensi\u00f3n en contra de Juan Antonio\nVera Carrizal, ex diputado local por el PRI-PVEM, se\u00f1alado de ser el autor\nintelectual de rociar con \u00e1cido a la joven Mar\u00eda Elena R\u00edos Ortiz.<\/p>\n\n\n\n<p>Sin embargo,\nla tardanza de la Fiscal\u00eda General del Estado de Oaxaca en solicitar dicho\nmandamiento y de dar cumplimiento a ello, habr\u00eda permitido la fuga del acusado,\nconsider\u00f3 el presidente de la Junta de Coordinaci\u00f3n Pol\u00edtica del Congreso\nlocal, Horacio Sosa Villavicencio.<\/p>\n\n\n\n<p>De acuerdo\ncon fuentes del Poder Judicial de Oaxaca, el juez federal declin\u00f3 competencia\nal juez local para que \u00e9ste analizara el caso; asimismo, dej\u00f3 sin efecto el\namparo de suspensi\u00f3n provisional de alguna orden de captura, con n\u00famero\n1196\/2019 que promovi\u00f3 Vera Carrizal. <\/p>\n\n\n\n<p>\u201cLa ejecuci\u00f3n de la orden de aprehensi\u00f3n girada contra Juan Vera Carrizal, como presunto implicado en la agresi\u00f3n con \u00e1cido a la saxofonista oaxaque\u00f1a Mar\u00eda Elena R\u00edos, resulta tard\u00eda y ventajosa\u201d, consider\u00f3 Sosa Villavicencio.<\/p>\n\n\n\n<figure class=\"wp-block-embed-twitter wp-block-embed is-type-rich is-provider-twitter\"><div class=\"wp-block-embed__wrapper\">\n<div class=\"twitter-tweet\"><blockquote class=\"twitter-tweet\" data-lang=\"es\"><p lang=\"es\" dir=\"ltr\">El presidente de la Junta de Coordinaci\u00f3n Pol\u00edtica del <a href=\"https:\/\/twitter.com\/CongresoOaxLXIV?ref_src=twsrc%5Etfw\">@CongresoOaxLXIV<\/a>, <a href=\"https:\/\/twitter.com\/HoracioSosaOax?ref_src=twsrc%5Etfw\">@HoracioSosaOax<\/a>, lament\u00f3 la lentitud de la <a href=\"https:\/\/twitter.com\/FISCALIA_GobOax?ref_src=twsrc%5Etfw\">@FISCALIA_GobOax<\/a> para ejecutar la orden de aprehensi\u00f3n en contra de Juan Manuel Vera Carrizal; \u201csi no puede, que le d\u00e9 chance a otro\u201d, dijo. <a href=\"https:\/\/t.co\/gs4uvnG1TQ\">pic.twitter.com\/gs4uvnG1TQ<\/a><\/p>&mdash; Zona Roja Oaxaca (@MexRoja) <a href=\"https:\/\/twitter.com\/MexRoja\/status\/1217170445025382401?ref_src=twsrc%5Etfw\">14 de enero de 2020<\/a><\/blockquote><\/div>\n<\/div><\/figure>\n\n\n\n<p>En un\ncomunicado, expuso que seg\u00fan medios de comunicaci\u00f3n, el 26 de diciembre se\nlibr\u00f3 una orden de aprehensi\u00f3n en contra del ex diputado local; \u201csin embargo,\nen la conferencia de prensa que ese mismo d\u00eda otorg\u00f3 el Fiscal General del\nEstado a medios de comunicaci\u00f3n no se inform\u00f3 de tal evento y mucho menos se\nlogr\u00f3 ejecutar esta orden judicial.<\/p>\n\n\n\n<p>\u201cEl 26 de\ndiciembre, el pueblo de Oaxaca y sobre todo la v\u00edctima,&nbsp; agradecer\u00eda la ejecuci\u00f3n de la orden de\naprehensi\u00f3n. Es escalofriante pensar en que se trata de una acci\u00f3n ventajosa por\nparte del Estado\u201d, se\u00f1al\u00f3 Horacio Sosa.<\/p>\n\n\n\n<p>\u201cLamentamos\nmucho la tardanza; el se\u00f1or (Vera Carrizal) ya deber\u00eda estar detenido\u2026 Le\ndieron tiempo para que se esconda. Exigimos al se\u00f1or fiscal que busque a esta\npersona\u2026 La justicia tiene que ser pronta y expedita\u2026 Que haga su trabajo, si\nel fiscal no puede, que le d\u00e9 chance a otro\u201d, dijo.<\/p>\n\n\n\n<p>Asever\u00f3 que\nes respetuoso del trabajo de Rub\u00e9n Vasconcelos M\u00e9ndez al interior de la\nFiscal\u00eda General, sin embargo, la dilaci\u00f3n en la ejecuci\u00f3n de la orden de\naprehensi\u00f3n deriva en que hoy el presunto responsable permanezca pr\u00f3fugo.<\/p>\n\n\n\n<p>\u201cEl acceso a\nla justicia no se consigue en la opini\u00f3n p\u00fablica, eso es trabajo de las\nautoridades. La orden de aprehensi\u00f3n se debi\u00f3 ejecutar desde el d\u00eda de su\nliberaci\u00f3n\u201d, a\u00f1adi\u00f3 el diputado de morena.<\/p>\n","protected":false},"excerpt":{"rendered":"<p>Ismael Garc\u00eda M.\/Zona Roja. Oaxaca de Ju\u00e1rez, Oax., 14 de enero de 2020.- Anoche se&hellip;<\/p>\n","protected":false},"author":2,"featured_media":7671,"comment_status":"closed","ping_status":"open","sticky":false,"template":"","format":"standard","meta":{"_lmt_disableupdate":"","_lmt_disable":"","_jetpack_memberships_contains_paid_content":false,"footnotes":""},"categories":[109,47],"tags":[444],"class_list":["post-7670","post","type-post","status-publish","format-standard","has-post-thumbnail","hentry","category-minuto-a-minuto","category-zona-gris","tag-horacio-sosa-villavicencio"],"jetpack_featured_media_url":"https:\/\/zonaroja.com.mx\/wp-content\/uploads\/2020\/01\/Sosa-Villavicencio.jpg","jetpack_sharing_enabled":true,"_links":{"self":[{"href":"https:\/\/zonaroja.com.mx\/index.php?rest_route=\/wp\/v2\/posts\/7670","targetHints":{"allow":["GET"]}}],"collection":[{"href":"https:\/\/zonaroja.com.mx\/index.php?rest_route=\/wp\/v2\/posts"}],"about":[{"href":"https:\/\/zonaroja.com.mx\/index.php?rest_route=\/wp\/v2\/types\/post"}],"author":[{"embeddable":true,"href":"https:\/\/zonaroja.com.mx\/index.php?rest_route=\/wp\/v2\/users\/2"}],"replies":[{"embeddable":true,"href":"https:\/\/zonaroja.com.mx\/index.php?rest_route=%2Fwp%2Fv2%2Fcomments&post=7670"}],"version-history":[{"count":1,"href":"https:\/\/zonaroja.com.mx\/index.php?rest_route=\/wp\/v2\/posts\/7670\/revisions"}],"predecessor-version":[{"id":7672,"href":"https:\/\/zonaroja.com.mx\/index.php?rest_route=\/wp\/v2\/posts\/7670\/revisions\/7672"}],"wp:featuredmedia":[{"embeddable":true,"href":"https:\/\/zonaroja.com.mx\/index.php?rest_route=\/wp\/v2\/media\/7671"}],"wp:attachment":[{"href":"https:\/\/zonaroja.com.mx\/index.php?rest_route=%2Fwp%2Fv2%2Fmedia&parent=7670"}],"wp:term":[{"taxonomy":"category","embeddable":true,"href":"https:\/\/zonaroja.com.mx\/index.php?rest_route=%2Fwp%2Fv2%2Fcategories&post=7670"},{"taxonomy":"post_tag","embeddable":true,"href":"https:\/\/zonaroja.com.mx\/index.php?rest_route=%2Fwp%2Fv2%2Ftags&post=7670"}],"curies":[{"name":"wp","href":"https:\/\/api.w.org\/{rel}","templated":true}]}}