{"id":76700,"date":"2025-01-20T22:15:53","date_gmt":"2025-01-21T04:15:53","guid":{"rendered":"https:\/\/zonaroja.com.mx\/?p=76700"},"modified":"2025-01-20T22:15:55","modified_gmt":"2025-01-21T04:15:55","slug":"enesimo-crimen-en-el-istmo-de-nuevo-en-juchitan","status":"publish","type":"post","link":"https:\/\/zonaroja.com.mx\/?p=76700","title":{"rendered":"En\u00e9simo crimen en el Istmo; de nuevo en Juchit\u00e1n"},"content":{"rendered":"\n<p>Raymundo Morales\/Zona Roja.<\/p>\n\n\n\n<p>Oaxaca de Ju\u00e1rez, Oax., a 20 de enero de 2025.- En menos de 24 horas, una tercera persona fue asesinada a balazos en el municipio de Juchit\u00e1n de Zaragoza.<\/p>\n\n\n\n<p>Esta noche frente a un domicilio de la calle Gladiola de la colonia Virgen de Guadalupe, un individuo fue acribillado por sujetos desconocidos, que de inmediato se dieron a la fuga.<\/p>\n\n\n\n<p>Al arribar las corporaciones policiacas en la zona, s\u00f3lo hallaron machas tem\u00e1ticas, pues presuntamente los familiares retiraron de inmediato el cuerpo y lo ingresaron al domicilio, por lo cual no ha sido identificado.<\/p>\n\n\n\n<p>Personal de la Vicefiscal\u00eda Regional del Istmo arrib\u00f3 a la zona para iniciar las indagatorias correspondientes.<\/p>\n\n\n\n<p>Como se inform\u00f3 anoche, alrededor de las 22:00 horas, se suscit\u00f3 otro ataque armado cerca del centro de Juchit\u00e1n de Zaragoza.<\/p>\n\n\n\n<p>En la calle 2 de Abril de la Segunda Secci\u00f3n, se registr\u00f3 la balacera donde fue ultimada una persona del sexo masculino identificada como Heriberto C. C.<\/p>\n\n\n\n<p>Dos personas m\u00e1s, entre ellas una mujer, fueron trasladadas en estado grave de salud a un hospital, donde se conform\u00f3 posteriormente la muerte de otra de las v\u00edctimas, de nombre \u00c9rik T. O.<\/p>\n","protected":false},"excerpt":{"rendered":"<p>Raymundo Morales\/Zona Roja. Oaxaca de Ju\u00e1rez, Oax., a 20 de enero de 2025.- En menos&hellip;<\/p>\n","protected":false},"author":2,"featured_media":76701,"comment_status":"closed","ping_status":"open","sticky":false,"template":"","format":"standard","meta":{"_lmt_disableupdate":"","_lmt_disable":"","_jetpack_memberships_contains_paid_content":false,"footnotes":""},"categories":[109,51],"tags":[297],"class_list":["post-76700","post","type-post","status-publish","format-standard","has-post-thumbnail","hentry","category-minuto-a-minuto","category-zona-roja","tag-ejecutado-juchitan"],"jetpack_featured_media_url":"https:\/\/zonaroja.com.mx\/wp-content\/uploads\/2025\/01\/ASesinado-en-Juchitan.jpg","jetpack_sharing_enabled":true,"_links":{"self":[{"href":"https:\/\/zonaroja.com.mx\/index.php?rest_route=\/wp\/v2\/posts\/76700","targetHints":{"allow":["GET"]}}],"collection":[{"href":"https:\/\/zonaroja.com.mx\/index.php?rest_route=\/wp\/v2\/posts"}],"about":[{"href":"https:\/\/zonaroja.com.mx\/index.php?rest_route=\/wp\/v2\/types\/post"}],"author":[{"embeddable":true,"href":"https:\/\/zonaroja.com.mx\/index.php?rest_route=\/wp\/v2\/users\/2"}],"replies":[{"embeddable":true,"href":"https:\/\/zonaroja.com.mx\/index.php?rest_route=%2Fwp%2Fv2%2Fcomments&post=76700"}],"version-history":[{"count":1,"href":"https:\/\/zonaroja.com.mx\/index.php?rest_route=\/wp\/v2\/posts\/76700\/revisions"}],"predecessor-version":[{"id":76702,"href":"https:\/\/zonaroja.com.mx\/index.php?rest_route=\/wp\/v2\/posts\/76700\/revisions\/76702"}],"wp:featuredmedia":[{"embeddable":true,"href":"https:\/\/zonaroja.com.mx\/index.php?rest_route=\/wp\/v2\/media\/76701"}],"wp:attachment":[{"href":"https:\/\/zonaroja.com.mx\/index.php?rest_route=%2Fwp%2Fv2%2Fmedia&parent=76700"}],"wp:term":[{"taxonomy":"category","embeddable":true,"href":"https:\/\/zonaroja.com.mx\/index.php?rest_route=%2Fwp%2Fv2%2Fcategories&post=76700"},{"taxonomy":"post_tag","embeddable":true,"href":"https:\/\/zonaroja.com.mx\/index.php?rest_route=%2Fwp%2Fv2%2Ftags&post=76700"}],"curies":[{"name":"wp","href":"https:\/\/api.w.org\/{rel}","templated":true}]}}