{"id":76703,"date":"2025-01-20T22:19:54","date_gmt":"2025-01-21T04:19:54","guid":{"rendered":"https:\/\/zonaroja.com.mx\/?p=76703"},"modified":"2025-01-20T22:19:56","modified_gmt":"2025-01-21T04:19:56","slug":"inicia-en-oaxaca-capital-campana-de-separacion-de-residuos","status":"publish","type":"post","link":"https:\/\/zonaroja.com.mx\/?p=76703","title":{"rendered":"Inicia en Oaxaca capital campa\u00f1a de separaci\u00f3n de residuos"},"content":{"rendered":"\n<p>Redacci\u00f3n\/Zona Roja.<\/p>\n\n\n\n<p>Oaxaca de Ju\u00e1rez, Oax., 20 de enero de 2025. Con la visi\u00f3n renovada y fresca del presidente municipal Ray Chagoya, Oaxaca de Ju\u00e1rez forma parte de la campa\u00f1a \u201cYo me sumo\u201d, mediante la cual las vecinas y vecinos podr\u00e1n realizar la correcta separaci\u00f3n de residuos, por medio de una campa\u00f1a intensiva de comunicaci\u00f3n y acci\u00f3n vecinal. Esto permitir\u00e1 reducir la contaminaci\u00f3n y mantener las calles siempre limpias.<\/p>\n\n\n\n<p>El edil capitalino destac\u00f3 que se trata de un trabajo coordinado con el Gobierno del Estado y los municipios del \u00e1rea metropolitana, como Santa Luc\u00eda del Camino y Santa Cruz Xoxocotl\u00e1n.<\/p>\n\n\n\n<p>\u201cCon el apoyo de nuestras vecinas y vecinos vamos a lograr que Oaxaca de Ju\u00e1rez sea una de las ciudades m\u00e1s limpias del pa\u00eds, atendiendo de fondo el problema de la basura\u201d, afirm\u00f3.<\/p>\n\n\n\n<p>En este contexto, Ray Chagoya se\u00f1al\u00f3 que su administraci\u00f3n es un gobierno abierto, que trabaja de manera coordinada con los gobiernos estatal y federal para resolver problemas que afectan a toda la ciudadan\u00eda, como la inseguridad, los malos servicios, la corrupci\u00f3n y el desorden en la ciudad.<\/p>\n\n\n\n<p>Durante la presentaci\u00f3n de la campa\u00f1a, la secretaria de Medio Ambiente, Biodiversidad, Energ\u00edas y Sostenibilidad, Karime Unda Harp, explic\u00f3 que \u201cYo me sumo\u201d tambi\u00e9n busca transformar h\u00e1bitos, promoviendo que la ciudadan\u00eda comprenda la importancia de reducir y reutilizar residuos.<\/p>\n\n\n\n<p>Con estas acciones, el gobierno municipal que encabeza Ray Chagoya reafirma su compromiso con el medio ambiente y con la implementaci\u00f3n de pol\u00edticas p\u00fablicas enfocadas en convertir a Oaxaca de Ju\u00e1rez en una ciudad limpia, ordenada y segura.<\/p>\n","protected":false},"excerpt":{"rendered":"<p>Redacci\u00f3n\/Zona Roja. Oaxaca de Ju\u00e1rez, Oax., 20 de enero de 2025. Con la visi\u00f3n renovada&hellip;<\/p>\n","protected":false},"author":2,"featured_media":76704,"comment_status":"closed","ping_status":"open","sticky":false,"template":"","format":"standard","meta":{"_lmt_disableupdate":"","_lmt_disable":"","_jetpack_memberships_contains_paid_content":false,"footnotes":""},"categories":[109,46],"tags":[4142],"class_list":["post-76703","post","type-post","status-publish","format-standard","has-post-thumbnail","hentry","category-minuto-a-minuto","category-zona-blanca","tag-raymundo-chagoya"],"jetpack_featured_media_url":"https:\/\/zonaroja.com.mx\/wp-content\/uploads\/2025\/01\/Raymundo-Chagoya-3.jpeg","jetpack_sharing_enabled":true,"_links":{"self":[{"href":"https:\/\/zonaroja.com.mx\/index.php?rest_route=\/wp\/v2\/posts\/76703","targetHints":{"allow":["GET"]}}],"collection":[{"href":"https:\/\/zonaroja.com.mx\/index.php?rest_route=\/wp\/v2\/posts"}],"about":[{"href":"https:\/\/zonaroja.com.mx\/index.php?rest_route=\/wp\/v2\/types\/post"}],"author":[{"embeddable":true,"href":"https:\/\/zonaroja.com.mx\/index.php?rest_route=\/wp\/v2\/users\/2"}],"replies":[{"embeddable":true,"href":"https:\/\/zonaroja.com.mx\/index.php?rest_route=%2Fwp%2Fv2%2Fcomments&post=76703"}],"version-history":[{"count":1,"href":"https:\/\/zonaroja.com.mx\/index.php?rest_route=\/wp\/v2\/posts\/76703\/revisions"}],"predecessor-version":[{"id":76705,"href":"https:\/\/zonaroja.com.mx\/index.php?rest_route=\/wp\/v2\/posts\/76703\/revisions\/76705"}],"wp:featuredmedia":[{"embeddable":true,"href":"https:\/\/zonaroja.com.mx\/index.php?rest_route=\/wp\/v2\/media\/76704"}],"wp:attachment":[{"href":"https:\/\/zonaroja.com.mx\/index.php?rest_route=%2Fwp%2Fv2%2Fmedia&parent=76703"}],"wp:term":[{"taxonomy":"category","embeddable":true,"href":"https:\/\/zonaroja.com.mx\/index.php?rest_route=%2Fwp%2Fv2%2Fcategories&post=76703"},{"taxonomy":"post_tag","embeddable":true,"href":"https:\/\/zonaroja.com.mx\/index.php?rest_route=%2Fwp%2Fv2%2Ftags&post=76703"}],"curies":[{"name":"wp","href":"https:\/\/api.w.org\/{rel}","templated":true}]}}