{"id":76711,"date":"2025-01-21T09:25:00","date_gmt":"2025-01-21T15:25:00","guid":{"rendered":"https:\/\/zonaroja.com.mx\/?p=76711"},"modified":"2025-01-21T06:36:48","modified_gmt":"2025-01-21T12:36:48","slug":"suman-seis-mujeres-asesinadas-durante-enero","status":"publish","type":"post","link":"https:\/\/zonaroja.com.mx\/?p=76711","title":{"rendered":"Suman seis mujeres asesinadas durante enero"},"content":{"rendered":"\n<p>Raymundo Morales\/Zona Roja.<\/p>\n\n\n\n<p>Oaxaca de Ju\u00e1rez, Oax., a 21 de enero de 2025.- Con el asesinato de dos mujeres ocurrido ayer en Santa Luc\u00eda del Camino, suman seis probables feminicidios registrados en los primeros 20 d\u00edas de enero.<\/p>\n\n\n\n<p>El primer caso ocurri\u00f3 el mi\u00e9rcoles 1 en el municipio de Ciudad Ixtepec, en que se hallaron dos cuerpos sin vida, entre ellos el de una femenina, con impactos de arma de fuego, en el interior de un veh\u00edculo.<\/p>\n\n\n\n<p>El mismo d\u00eda pero en la agencia Guadalupe Victoria, perteneciente al municipio de San Juan Juquila Mixe, fueron asesinados un hombre y una mujer, presuntamente derivado de conflictos con el municipio de San Pedro Ocotepec Mixe, cuyas tres autoridades se encuentran en prisi\u00f3n acusadas de diversos delitos.<\/p>\n\n\n\n<p>El domingo 5 de enero fue hallado el cuerpo de otra v\u00edctima del sexo femenino, en la comunidad de Sesteadero, perteneciente al municipio de Putla Villa de Guerrero.<\/p>\n\n\n\n<p>Mientras que el lunes 13 de enero, fue asesinada una pareja, entre ellas una mujer, en el interior de una unidad de motor, en el municipio de Salina Cruz, regi\u00f3n del Istmo.<\/p>\n\n\n\n<p>En tanto que ayer 20 de enero por la madrugada, en el interior de un domicilio de la colonia Santa Cecilia, municipio de Santa Luc\u00eda del Camino, fueron asesinadas una adolescente y una joven.<\/p>\n\n\n\n<p>Presuntamente el responsable es el padrastro de ella, quien durante la madrugada estuvo consumiendo bebidas embriagantes; logr\u00f3 huir tras el doble homicidio.<\/p>\n","protected":false},"excerpt":{"rendered":"<p>Raymundo Morales\/Zona Roja. Oaxaca de Ju\u00e1rez, Oax., a 21 de enero de 2025.- Con el&hellip;<\/p>\n","protected":false},"author":2,"featured_media":74063,"comment_status":"closed","ping_status":"open","sticky":false,"template":"","format":"standard","meta":{"_lmt_disableupdate":"","_lmt_disable":"","_jetpack_memberships_contains_paid_content":false,"footnotes":""},"categories":[109,47],"tags":[1081],"class_list":["post-76711","post","type-post","status-publish","format-standard","has-post-thumbnail","hentry","category-minuto-a-minuto","category-zona-gris","tag-feminicidios-en-oaxaca"],"jetpack_featured_media_url":"https:\/\/zonaroja.com.mx\/wp-content\/uploads\/2024\/11\/Feminicidio-asesinato-mujer.jpg","jetpack_sharing_enabled":true,"_links":{"self":[{"href":"https:\/\/zonaroja.com.mx\/index.php?rest_route=\/wp\/v2\/posts\/76711","targetHints":{"allow":["GET"]}}],"collection":[{"href":"https:\/\/zonaroja.com.mx\/index.php?rest_route=\/wp\/v2\/posts"}],"about":[{"href":"https:\/\/zonaroja.com.mx\/index.php?rest_route=\/wp\/v2\/types\/post"}],"author":[{"embeddable":true,"href":"https:\/\/zonaroja.com.mx\/index.php?rest_route=\/wp\/v2\/users\/2"}],"replies":[{"embeddable":true,"href":"https:\/\/zonaroja.com.mx\/index.php?rest_route=%2Fwp%2Fv2%2Fcomments&post=76711"}],"version-history":[{"count":1,"href":"https:\/\/zonaroja.com.mx\/index.php?rest_route=\/wp\/v2\/posts\/76711\/revisions"}],"predecessor-version":[{"id":76712,"href":"https:\/\/zonaroja.com.mx\/index.php?rest_route=\/wp\/v2\/posts\/76711\/revisions\/76712"}],"wp:featuredmedia":[{"embeddable":true,"href":"https:\/\/zonaroja.com.mx\/index.php?rest_route=\/wp\/v2\/media\/74063"}],"wp:attachment":[{"href":"https:\/\/zonaroja.com.mx\/index.php?rest_route=%2Fwp%2Fv2%2Fmedia&parent=76711"}],"wp:term":[{"taxonomy":"category","embeddable":true,"href":"https:\/\/zonaroja.com.mx\/index.php?rest_route=%2Fwp%2Fv2%2Fcategories&post=76711"},{"taxonomy":"post_tag","embeddable":true,"href":"https:\/\/zonaroja.com.mx\/index.php?rest_route=%2Fwp%2Fv2%2Ftags&post=76711"}],"curies":[{"name":"wp","href":"https:\/\/api.w.org\/{rel}","templated":true}]}}