{"id":76715,"date":"2025-01-21T11:22:00","date_gmt":"2025-01-21T17:22:00","guid":{"rendered":"https:\/\/zonaroja.com.mx\/?p=76715"},"modified":"2025-01-21T07:23:37","modified_gmt":"2025-01-21T13:23:37","slug":"en-sinaloa-matan-a-nino-de-12-anos-y-su-padre-en-asalto-domingo-12-crimenes","status":"publish","type":"post","link":"https:\/\/zonaroja.com.mx\/?p=76715","title":{"rendered":"En Sinaloa matan a ni\u00f1o de 12 a\u00f1os y su padre en asalto; domingo 12 cr\u00edmenes"},"content":{"rendered":"\n<p>Redacci\u00f3n\/Zona Roja Cdmx.<\/p>\n\n\n\n<p>Ciudad de M\u00e9xico, a 21 de enero de 2025.- Un hombre y su hijo de 12 a\u00f1os perdieron la vida, luego de que sujetos que los persegu\u00edan presuntamente para robarles su veh\u00edculo, les dispararon en Culiac\u00e1n; sus otros dos hijos tambi\u00e9n menores resultaron heridos de gravedad, inform\u00f3 Verona Hern\u00e1ndez, vocera de la Secretar\u00eda de Seguridad P\u00fablica del Estado (SSPE).<\/p>\n\n\n\n<p>En el auto viajaban Antonio de Jes\u00fas, de 40 a\u00f1os y Gael, de 12 a\u00f1os, quienes murieron, as\u00ed como Alexander N, de 9 a\u00f1os y Luis Adolfo N, de 17, ambos hospitalizados.<\/p>\n\n\n\n<p>La funcionaria de la SSPE se\u00f1al\u00f3 que el padre antes de fallecer declar\u00f3 que el domingo cuando regresaba a su domicilio con su familia fueron atacados en las cercan\u00edas del fraccionamiento Los \u00c1ngeles, en un intento de despojo de su auto y por eso intentaron huir cuando les dispararon.<\/p>\n\n\n\n<p>En tanto, en la conferencia de prensa de la vocer\u00eda de la Secretar\u00eda de Gobierno, Cuitl\u00e1huac Gonz\u00e1lez, secretario de Salud de Sinaloa, explic\u00f3 que Alexander fue intervenido quir\u00fargicamente en el hospital Pedi\u00e1trico, pues ten\u00eda heridas en t\u00f3rax y abdomen, mientras que Luis Adolfo, quien tambi\u00e9n presentaba lesiones en las mismas partes del cuerpo se encuentra estable.<\/p>\n\n\n\n<p>La vocera de la SSPE asegur\u00f3 que el gobierno del Estado se har\u00e1 cargo de los gastos funerarios de la familia.<\/p>\n\n\n\n<p>En este contexto, la fiscal\u00eda de Sinaloa dio a conocer que el domingo se cometieron 12 homicidios en la entidad.<\/p>\n\n\n\n<p>El gobernador Rub\u00e9n Rocha Moya asisti\u00f3 al cambio de mando de la Octava regional naval de Topolobampo donde asumi\u00f3 el cargo el vicealmirante Sa\u00fal Hiram Bandala Garza.<\/p>\n\n\n\n<p>(Informaci\u00f3n de \u201cLa Jornada\u201d)<\/p>\n","protected":false},"excerpt":{"rendered":"<p>Redacci\u00f3n\/Zona Roja Cdmx. Ciudad de M\u00e9xico, a 21 de enero de 2025.- Un hombre y&hellip;<\/p>\n","protected":false},"author":2,"featured_media":74062,"comment_status":"closed","ping_status":"open","sticky":false,"template":"","format":"standard","meta":{"_lmt_disableupdate":"","_lmt_disable":"","_jetpack_memberships_contains_paid_content":false,"footnotes":""},"categories":[109,51],"tags":[4146],"class_list":["post-76715","post","type-post","status-publish","format-standard","has-post-thumbnail","hentry","category-minuto-a-minuto","category-zona-roja","tag-violencia-en-sinaloa"],"jetpack_featured_media_url":"https:\/\/zonaroja.com.mx\/wp-content\/uploads\/2024\/11\/Escena-del-crimen-1.jpg","jetpack_sharing_enabled":true,"_links":{"self":[{"href":"https:\/\/zonaroja.com.mx\/index.php?rest_route=\/wp\/v2\/posts\/76715","targetHints":{"allow":["GET"]}}],"collection":[{"href":"https:\/\/zonaroja.com.mx\/index.php?rest_route=\/wp\/v2\/posts"}],"about":[{"href":"https:\/\/zonaroja.com.mx\/index.php?rest_route=\/wp\/v2\/types\/post"}],"author":[{"embeddable":true,"href":"https:\/\/zonaroja.com.mx\/index.php?rest_route=\/wp\/v2\/users\/2"}],"replies":[{"embeddable":true,"href":"https:\/\/zonaroja.com.mx\/index.php?rest_route=%2Fwp%2Fv2%2Fcomments&post=76715"}],"version-history":[{"count":1,"href":"https:\/\/zonaroja.com.mx\/index.php?rest_route=\/wp\/v2\/posts\/76715\/revisions"}],"predecessor-version":[{"id":76716,"href":"https:\/\/zonaroja.com.mx\/index.php?rest_route=\/wp\/v2\/posts\/76715\/revisions\/76716"}],"wp:featuredmedia":[{"embeddable":true,"href":"https:\/\/zonaroja.com.mx\/index.php?rest_route=\/wp\/v2\/media\/74062"}],"wp:attachment":[{"href":"https:\/\/zonaroja.com.mx\/index.php?rest_route=%2Fwp%2Fv2%2Fmedia&parent=76715"}],"wp:term":[{"taxonomy":"category","embeddable":true,"href":"https:\/\/zonaroja.com.mx\/index.php?rest_route=%2Fwp%2Fv2%2Fcategories&post=76715"},{"taxonomy":"post_tag","embeddable":true,"href":"https:\/\/zonaroja.com.mx\/index.php?rest_route=%2Fwp%2Fv2%2Ftags&post=76715"}],"curies":[{"name":"wp","href":"https:\/\/api.w.org\/{rel}","templated":true}]}}