{"id":76722,"date":"2025-01-21T13:34:00","date_gmt":"2025-01-21T19:34:00","guid":{"rendered":"https:\/\/zonaroja.com.mx\/?p=76722"},"modified":"2025-01-21T07:37:32","modified_gmt":"2025-01-21T13:37:32","slug":"sheinbaum-inaugurara-la-via-mitla-tehuantepec-en-oaxaca","status":"publish","type":"post","link":"https:\/\/zonaroja.com.mx\/?p=76722","title":{"rendered":"Sheinbaum inaugurar\u00e1 la v\u00eda Mitla-Tehuantepec, en Oaxaca"},"content":{"rendered":"\n<p>Redacci\u00f3n\/Zona Roja Cdmx.<\/p>\n\n\n\n<p>Ciudad de M\u00e9xico, a 21 de enero de 2025.- La carretera Mitla-Tehuantepec, que no pudo concretarse en el sexenio pasado, \u201cya est\u00e1 lista\u201d, afirm\u00f3 ayer la presidenta Claudia Sheinbaum Pardo, quien anunci\u00f3 que acudir\u00e1 este fin de semana a Oaxaca para inaugurarla.<\/p>\n\n\n\n<p>Se trata de una obra que conecta a la capital oaxaque\u00f1a con el Istmo de Tehuantepec, cuya construcci\u00f3n lleva m\u00e1s de una d\u00e9cada. Durante sus actividades programadas para el fin de semana, la mandataria tambi\u00e9n recorrer\u00e1 otros puntos de esa entidad para constatar el estado de los caminos e iniciar su rehabilitaci\u00f3n, adelant\u00f3.<\/p>\n\n\n\n<p>\u201cMi objetivo es ir a inaugurar la carretera, pero bajar hacia Pinotepa desde Huajuapan de Le\u00f3n para visitar justo esos caminos que son de los m\u00e1s afectados porque no se les ha dado mantenimiento; muchos son estatales, no federales. Pero antes de iniciar una nueva carretera, queremos arreglar esas v\u00edas, que es una necesidad muy grande para todos los pueblos de la Mixteca\u201d, indic\u00f3.<\/p>\n\n\n\n<p>En su conferencia matutina, Sheinbaum Pardo record\u00f3 que en sus actividades del fin de semana pasado, en Acapulco y la Monta\u00f1a de Guerrero, se duplic\u00f3 el tiempo de traslado ante las muestras de afecto de la poblaci\u00f3n.<\/p>\n\n\n\n<p>\u201cSubimos por la carretera hacia Tlapa, Guerrero; son alrededor de tres horas de camino e hicimos casi ocho, porque nos pararon unas 30 veces en cada lugar; en algunos casos solicitando caminos, haciendo peticiones, pero tambi\u00e9n hubo agradecimiento, como fiesta, como recibimiento, algo que tiene el pueblo de M\u00e9xico, que es hermos\u00edsimo\u201d, relat\u00f3.<\/p>\n\n\n\n<p>Consultada sobre la posibilidad de una petici\u00f3n de perd\u00f3n a los pueblos afromexicanos, expuso que \u201clos planes de justicia tienen en principio una disculpa p\u00fablica\u2026 porque es de alguna manera reconocer los agravios, la represi\u00f3n y el esclavismo; est\u00e1 pol\u00edtica discriminatoria que se sigui\u00f3, sobre todo, en el porfiriato\u201d.<\/p>\n\n\n\n<p>Recalc\u00f3 que el gobierno mexicano est\u00e1 dispuesto a disculparse con estas comunidades, pues \u201csi la pedimos a Espa\u00f1a, evidentemente nosotros otorgamos ese beneficio a los pueblos ind\u00edgenas y afromexicanos\u201d; sin embargo, aclar\u00f3 que no s\u00f3lo se trata de una disculpa, sino que debe ir acompa\u00f1ado de un plan de justicia para los habitantes de esta regi\u00f3n.<\/p>\n\n\n\n<p>(Informaci\u00f3n de \u201cLa Jornada\u201d)<\/p>\n","protected":false},"excerpt":{"rendered":"<p>Redacci\u00f3n\/Zona Roja Cdmx. Ciudad de M\u00e9xico, a 21 de enero de 2025.- La carretera Mitla-Tehuantepec,&hellip;<\/p>\n","protected":false},"author":2,"featured_media":76723,"comment_status":"closed","ping_status":"open","sticky":false,"template":"","format":"standard","meta":{"_lmt_disableupdate":"","_lmt_disable":"","_jetpack_memberships_contains_paid_content":false,"footnotes":""},"categories":[109,46],"tags":[],"class_list":["post-76722","post","type-post","status-publish","format-standard","has-post-thumbnail","hentry","category-minuto-a-minuto","category-zona-blanca"],"jetpack_featured_media_url":"https:\/\/zonaroja.com.mx\/wp-content\/uploads\/2025\/01\/Supercarretera-Oaxaca-Istmo.jpg","jetpack_sharing_enabled":true,"_links":{"self":[{"href":"https:\/\/zonaroja.com.mx\/index.php?rest_route=\/wp\/v2\/posts\/76722","targetHints":{"allow":["GET"]}}],"collection":[{"href":"https:\/\/zonaroja.com.mx\/index.php?rest_route=\/wp\/v2\/posts"}],"about":[{"href":"https:\/\/zonaroja.com.mx\/index.php?rest_route=\/wp\/v2\/types\/post"}],"author":[{"embeddable":true,"href":"https:\/\/zonaroja.com.mx\/index.php?rest_route=\/wp\/v2\/users\/2"}],"replies":[{"embeddable":true,"href":"https:\/\/zonaroja.com.mx\/index.php?rest_route=%2Fwp%2Fv2%2Fcomments&post=76722"}],"version-history":[{"count":1,"href":"https:\/\/zonaroja.com.mx\/index.php?rest_route=\/wp\/v2\/posts\/76722\/revisions"}],"predecessor-version":[{"id":76724,"href":"https:\/\/zonaroja.com.mx\/index.php?rest_route=\/wp\/v2\/posts\/76722\/revisions\/76724"}],"wp:featuredmedia":[{"embeddable":true,"href":"https:\/\/zonaroja.com.mx\/index.php?rest_route=\/wp\/v2\/media\/76723"}],"wp:attachment":[{"href":"https:\/\/zonaroja.com.mx\/index.php?rest_route=%2Fwp%2Fv2%2Fmedia&parent=76722"}],"wp:term":[{"taxonomy":"category","embeddable":true,"href":"https:\/\/zonaroja.com.mx\/index.php?rest_route=%2Fwp%2Fv2%2Fcategories&post=76722"},{"taxonomy":"post_tag","embeddable":true,"href":"https:\/\/zonaroja.com.mx\/index.php?rest_route=%2Fwp%2Fv2%2Ftags&post=76722"}],"curies":[{"name":"wp","href":"https:\/\/api.w.org\/{rel}","templated":true}]}}