{"id":7673,"date":"2020-01-14T19:00:02","date_gmt":"2020-01-15T01:00:02","guid":{"rendered":"http:\/\/www.zonaroja.com.mx\/?p=7673"},"modified":"2020-01-14T19:00:05","modified_gmt":"2020-01-15T01:00:05","slug":"acuerdan-familia-y-diputado-mayer-que-medalla-del-congreso-no-lleve-nombre-de-toledo","status":"publish","type":"post","link":"https:\/\/zonaroja.com.mx\/?p=7673","title":{"rendered":"Acuerdan familia y diputado Mayer que medalla del Congreso no lleve nombre de Toledo"},"content":{"rendered":"\n<p>Redacci\u00f3n\/Zona\nRoja.<\/p>\n\n\n\n<p>Oaxaca de\nJu\u00e1rez, Oax., 14 de enero de 2020.- Con la finalidad de respetar la postura del\nextinto artista pl\u00e1stico y llegar a un buen acuerdo con el Congreso de la Uni\u00f3n,\nque plante\u00f3 nombrar Francisco Toledo a una presea, este lunes se llev\u00f3 a cabo\nuna reuni\u00f3n entre la familia del pintor y el diputado Sergio Mayer.<\/p>\n\n\n\n<p>Al acto\nacudieron las hijas del afamado artista pl\u00e1stico, Natalia, Laureana, Jer\u00f3nimo y\nSara L\u00f3pez, la \u00faltima tambi\u00e9n representando a su hermano Benjam\u00edn L\u00f3pez y su\nmadre Trine Ellitsgaard.<\/p>\n\n\n\n<p>En un\ncomunicado se inform\u00f3 que durante la reuni\u00f3n, acordaron que la medalla no\nllevar\u00e1 el nombre de Francisco Toledo; los diputados buscar\u00e1n otorgar la presea\na una persona que destaque art\u00edsticamente y est\u00e9 comprometido con la labor\nsocial, siguiendo as\u00ed el esp\u00edritu del maestro Toledo.<\/p>\n\n\n\n<p>Natalia,\nLaureana, Jer\u00f3nimo y Sara L\u00f3pez dijeron estar agradecidos con el Congreso de la\nUni\u00f3n y con el diputado Sergio Mayer por abrir el di\u00e1logo respecto a esta\npresea y comprender las razones para que la medalla no sea llamada Francisco\nToledo, de esta manera respetan la memoria de su padre.<\/p>\n\n\n\n<p>El\nlegislador expuso que va a trabajar con los dem\u00e1s diputados para lograr el\ncambio de nombre a la medalla; los hijos de Francisco Toledo indicaron que\nvaloran el trabajo legislativo en el pleno y acordaron colaborar con el\ndiputado federal, para que sea portavoz y gestione, construya los consensos\nnecesarios, dialogue con las instancias directivas y los diputados promoventes.<\/p>\n\n\n\n<p>As\u00ed como con\nlas comisiones correspondientes y los legisladores en general de la C\u00e1mara de\nDiputados, con el prop\u00f3sito de que la medalla no lleve el nombre de Francisco\nToledo.<\/p>\n\n\n\n<p>Agregaron\nque apoyan que el Congreso de la Uni\u00f3n de M\u00e9xico, a trav\u00e9s de una presea,\nreconozca el trabajo social, cultural y art\u00edstico que realizan las personas en\nel pa\u00eds, ya que es un incentivo para que sigan trabajando por M\u00e9xico.<\/p>\n\n\n\n<p>Los hijos de\nToledo manifestaron que su padre nunca fue partidario de recibir\nreconocimientos, homenajes o que su nombre fuera utilizado para alg\u00fan premio y\nque tras la muerte del artista buscan que su legado sea fiel a como \u00e9l lo llev\u00f3\nen vida y su postura se respete ya que siempre mantuvo su vida privada.<\/p>\n\n\n\n<p>Francisco\nToledo falleci\u00f3 el pasado 5 de septiembre. En vida, con mucho respeto, declin\u00f3\nvarios reconocimientos, porque siempre trabaj\u00f3 con la \u00fanica intenci\u00f3n de poner\nel arte, la cultura y la educaci\u00f3n art\u00edstica al alcance de m\u00e1s personas, esto\nlo hizo de manera desinteresada.<\/p>\n\n\n\n<p>El artista\npl\u00e1stico ha sido reconocido por su obra art\u00edstica y por su labor social, fund\u00f3\nvarios espacios culturales.<\/p>\n","protected":false},"excerpt":{"rendered":"<p>Redacci\u00f3n\/Zona Roja. Oaxaca de Ju\u00e1rez, Oax., 14 de enero de 2020.- Con la finalidad de&hellip;<\/p>\n","protected":false},"author":2,"featured_media":7674,"comment_status":"closed","ping_status":"open","sticky":false,"template":"","format":"standard","meta":{"_lmt_disableupdate":"","_lmt_disable":"","_jetpack_memberships_contains_paid_content":false,"footnotes":""},"categories":[1,47],"tags":[677,1279],"class_list":["post-7673","post","type-post","status-publish","format-standard","has-post-thumbnail","hentry","category-sin-categoria","category-zona-gris","tag-francisco-toledo","tag-sergio-mayer"],"jetpack_featured_media_url":"https:\/\/zonaroja.com.mx\/wp-content\/uploads\/2020\/01\/Hijos-de-Francisco-Toledo.png","jetpack_sharing_enabled":true,"_links":{"self":[{"href":"https:\/\/zonaroja.com.mx\/index.php?rest_route=\/wp\/v2\/posts\/7673","targetHints":{"allow":["GET"]}}],"collection":[{"href":"https:\/\/zonaroja.com.mx\/index.php?rest_route=\/wp\/v2\/posts"}],"about":[{"href":"https:\/\/zonaroja.com.mx\/index.php?rest_route=\/wp\/v2\/types\/post"}],"author":[{"embeddable":true,"href":"https:\/\/zonaroja.com.mx\/index.php?rest_route=\/wp\/v2\/users\/2"}],"replies":[{"embeddable":true,"href":"https:\/\/zonaroja.com.mx\/index.php?rest_route=%2Fwp%2Fv2%2Fcomments&post=7673"}],"version-history":[{"count":1,"href":"https:\/\/zonaroja.com.mx\/index.php?rest_route=\/wp\/v2\/posts\/7673\/revisions"}],"predecessor-version":[{"id":7675,"href":"https:\/\/zonaroja.com.mx\/index.php?rest_route=\/wp\/v2\/posts\/7673\/revisions\/7675"}],"wp:featuredmedia":[{"embeddable":true,"href":"https:\/\/zonaroja.com.mx\/index.php?rest_route=\/wp\/v2\/media\/7674"}],"wp:attachment":[{"href":"https:\/\/zonaroja.com.mx\/index.php?rest_route=%2Fwp%2Fv2%2Fmedia&parent=7673"}],"wp:term":[{"taxonomy":"category","embeddable":true,"href":"https:\/\/zonaroja.com.mx\/index.php?rest_route=%2Fwp%2Fv2%2Fcategories&post=7673"},{"taxonomy":"post_tag","embeddable":true,"href":"https:\/\/zonaroja.com.mx\/index.php?rest_route=%2Fwp%2Fv2%2Ftags&post=7673"}],"curies":[{"name":"wp","href":"https:\/\/api.w.org\/{rel}","templated":true}]}}