{"id":76731,"date":"2025-01-21T19:37:03","date_gmt":"2025-01-22T01:37:03","guid":{"rendered":"https:\/\/zonaroja.com.mx\/?p=76731"},"modified":"2025-01-21T19:37:07","modified_gmt":"2025-01-22T01:37:07","slug":"asesinan-a-una-autoridad-agraria-en-comunidad-del-istmo","status":"publish","type":"post","link":"https:\/\/zonaroja.com.mx\/?p=76731","title":{"rendered":"Asesinan a una autoridad agraria en comunidad del Istmo"},"content":{"rendered":"\n<p>Redacci\u00f3n\/Estado 20.<\/p>\n\n\n\n<p>Oaxaca de Ju\u00e1rez, Oax., a 21 de enero de 2025.- Arnoldo Nicol\u00e1s Romero, comisariado ejidal de Buena Vista, comunicado de San Juan Guichicovi, en la regi\u00f3n del Istmo, fue encontrado sin vida y con impactos de bala en diferentes partes del cuerpo, report\u00f3 la organizaci\u00f3n Uni\u00f3n de Comunidades Ind\u00edgenas de la Zona Norte del Istmo (Ucizoni).<\/p>\n\n\n\n<p>En un comunicado, la organizaci\u00f3n inform\u00f3 que el cuerpo de la v\u00edctima fue hallado en un rancho particular ubicado en inmediaciones de la poblaci\u00f3n de Santa Ana y Guichicovi.<\/p>\n\n\n\n<p>\u00abCon profundo dolor e indignaci\u00f3n, informamos que el compa\u00f1ero Arnoldo Nicol\u00e1s Romero, comisariado ejidal de Buena Vista, ha sido encontrado sin vida, v\u00edctima de un acto cobarde. Su cuerpo fue hallado con impactos de bala en un rancho particular\u00bb escribi\u00f3 la organizaci\u00f3n en su desplegado.<\/p>\n\n\n\n<p>De acuerdo con Ucizoni, Arnoldo Nicol\u00e1s Romero hab\u00eda desaparecido desde el pasado 17 de enero de 2025 y hoy fue hallado sin vida, por lo conden\u00f3 este crimen y exigi\u00f3 a la Fiscal\u00eda General de Oaxaca iniciar de inmediato con una investigaci\u00f3n exhaustiva para identificar y sancionar a los responsables de este homicidio.<\/p>\n\n\n\n<p>\u00abInvitamos a la poblaci\u00f3n a mantenerse unidos y vigilantes para exigir que prevalezca la justicia y se garantice la seguridad en nuestras comunidades\u00bb expuso la organizaci\u00f3n.<\/p>\n\n\n\n<p>\u00abEl pueblo de San Juan Guichicovi se une en un en\u00e9rgico llamado a las autoridades correspondientes para que act\u00faen con prontitud y se haga justicia ante este crimen que no solo enluta a Buena Vista, sino a toda nuestra comunidad\u00bb.<\/p>\n\n\n\n<p>\u00abExigimos que se investigue a fondo, se esclarezcan los hechos y se castigue con todo el peso de la ley a los responsables. No permitiremos que este acto quede impune\u00bb reiter\u00f3 la organizaci\u00f3n en su comunicado.<\/p>\n","protected":false},"excerpt":{"rendered":"<p>Redacci\u00f3n\/Estado 20. Oaxaca de Ju\u00e1rez, Oax., a 21 de enero de 2025.- Arnoldo Nicol\u00e1s Romero,&hellip;<\/p>\n","protected":false},"author":2,"featured_media":76732,"comment_status":"closed","ping_status":"open","sticky":false,"template":"","format":"standard","meta":{"_lmt_disableupdate":"","_lmt_disable":"","_jetpack_memberships_contains_paid_content":false,"footnotes":""},"categories":[109,51],"tags":[1530],"class_list":["post-76731","post","type-post","status-publish","format-standard","has-post-thumbnail","hentry","category-minuto-a-minuto","category-zona-roja","tag-asesinado-en-san-juan-guichicovi"],"jetpack_featured_media_url":"https:\/\/zonaroja.com.mx\/wp-content\/uploads\/2025\/01\/Asesinado-San-Juan-Guichicovi.jpg","jetpack_sharing_enabled":true,"_links":{"self":[{"href":"https:\/\/zonaroja.com.mx\/index.php?rest_route=\/wp\/v2\/posts\/76731","targetHints":{"allow":["GET"]}}],"collection":[{"href":"https:\/\/zonaroja.com.mx\/index.php?rest_route=\/wp\/v2\/posts"}],"about":[{"href":"https:\/\/zonaroja.com.mx\/index.php?rest_route=\/wp\/v2\/types\/post"}],"author":[{"embeddable":true,"href":"https:\/\/zonaroja.com.mx\/index.php?rest_route=\/wp\/v2\/users\/2"}],"replies":[{"embeddable":true,"href":"https:\/\/zonaroja.com.mx\/index.php?rest_route=%2Fwp%2Fv2%2Fcomments&post=76731"}],"version-history":[{"count":1,"href":"https:\/\/zonaroja.com.mx\/index.php?rest_route=\/wp\/v2\/posts\/76731\/revisions"}],"predecessor-version":[{"id":76733,"href":"https:\/\/zonaroja.com.mx\/index.php?rest_route=\/wp\/v2\/posts\/76731\/revisions\/76733"}],"wp:featuredmedia":[{"embeddable":true,"href":"https:\/\/zonaroja.com.mx\/index.php?rest_route=\/wp\/v2\/media\/76732"}],"wp:attachment":[{"href":"https:\/\/zonaroja.com.mx\/index.php?rest_route=%2Fwp%2Fv2%2Fmedia&parent=76731"}],"wp:term":[{"taxonomy":"category","embeddable":true,"href":"https:\/\/zonaroja.com.mx\/index.php?rest_route=%2Fwp%2Fv2%2Fcategories&post=76731"},{"taxonomy":"post_tag","embeddable":true,"href":"https:\/\/zonaroja.com.mx\/index.php?rest_route=%2Fwp%2Fv2%2Ftags&post=76731"}],"curies":[{"name":"wp","href":"https:\/\/api.w.org\/{rel}","templated":true}]}}