{"id":76734,"date":"2025-01-21T21:10:19","date_gmt":"2025-01-22T03:10:19","guid":{"rendered":"https:\/\/zonaroja.com.mx\/?p=76734"},"modified":"2025-01-21T21:10:21","modified_gmt":"2025-01-22T03:10:21","slug":"ejecutan-en-el-estado-de-mexico-a-ex-fiscal-y-a-un-empresario","status":"publish","type":"post","link":"https:\/\/zonaroja.com.mx\/?p=76734","title":{"rendered":"Ejecutan en el Estado de M\u00e9xico a ex fiscal y a un empresario"},"content":{"rendered":"\n<p>Redacci\u00f3n\/Zona Roja Cdmx.<\/p>\n\n\n\n<p>Ciudad de M\u00e9xico, a 21 de enero de 2025.- La tarde de este martes fue asesinado a balazos Elohim D\u00edaz Jim\u00e9nez, exfiscal regional de Cuautitl\u00e1n, al interior del restaurante familiar El Portalito, situado en la colonia Agr\u00edcola L\u00e1zaro C\u00e1rdenas, en el municipio de Metepec, en el Estado de M\u00e9xico.<\/p>\n\n\n\n<p>De acuerdo con versiones preliminares, D\u00edaz Jim\u00e9nez se encontraba comiendo dentro del establecimiento en compa\u00f1\u00eda de otro hombre, un empresario identificado con el nombre de Cristian, quien tambi\u00e9n muri\u00f3 v\u00edctima del ataque.<\/p>\n\n\n\n<p>Ambos fueron atacados por cuatro hombres armados, quienes entraron al negocio de comida y les dispararon. Hasta el momento se desconocen m\u00e1s detalles del crimen.<\/p>\n\n\n\n<p>En una escueta tarjeta informativa, la Fiscal\u00eda General de Justicia del Estado de M\u00e9xico (FGJEM), indic\u00f3 que ya investiga el doble homicidio.<\/p>\n\n\n\n<p>Sobre D\u00edaz Jim\u00e9nez, la corporaci\u00f3n detall\u00f3 que \u201cel pasado 9 de enero present\u00f3 su renuncia al cargo de Secretario de Ministerio P\u00fablico R-1, plaza sin funciones a la que fue adscrito tras haber sido removido del cargo de Fiscal Regional de Cuautitl\u00e1n, por estar sujeto a investigaci\u00f3n\u201d.<\/p>\n\n\n\n<p>Una fuente informativa apunt\u00f3 que al exfiscal se le investigaba por sus presuntos v\u00ednculos con el c\u00e1rtel de \u2018La Familia Michoacana\u2019.<\/p>\n\n\n\n<p>Luego de darse a conocer este doble atentado, decenas de fuerzas federales, estatales y municipales patrullaron todo el municipio para tratar de dar con los responsables; sin embargo, hasta la noche de este martes las tareas no hab\u00edan dado resultados.<\/p>\n\n\n\n<p>El exservidor p\u00fablico Elohim D\u00edaz Jim\u00e9nez fue subsecretario de operaci\u00f3n policial en la Secretar\u00eda de Seguridad P\u00fablica de Michoac\u00e1n.<\/p>\n\n\n\n<p>Adem\u00e1s, trabaj\u00f3 como agente en la extinta Agencia Federal de Investigaci\u00f3n (AFI) y fue Ministerio P\u00fablico Federal en la entones Procuradur\u00eda General de la Rep\u00fablica (PGR).<\/p>\n\n\n\n<p>En su perfil de Facebook se agrega que tambi\u00e9n labor\u00f3 en la subsecretar\u00eda de Inteligencia en la Secretar\u00eda de Seguridad P\u00fablica del Estado de Michoac\u00e1n.<\/p>\n","protected":false},"excerpt":{"rendered":"<p>Redacci\u00f3n\/Zona Roja Cdmx. Ciudad de M\u00e9xico, a 21 de enero de 2025.- La tarde de&hellip;<\/p>\n","protected":false},"author":2,"featured_media":76735,"comment_status":"closed","ping_status":"open","sticky":false,"template":"","format":"standard","meta":{"_lmt_disableupdate":"","_lmt_disable":"","_jetpack_memberships_contains_paid_content":false,"footnotes":""},"categories":[109,51],"tags":[4175],"class_list":["post-76734","post","type-post","status-publish","format-standard","has-post-thumbnail","hentry","category-minuto-a-minuto","category-zona-roja","tag-elohim-diaz-jimenez"],"jetpack_featured_media_url":"https:\/\/zonaroja.com.mx\/wp-content\/uploads\/2025\/01\/Ex-fiscal-Cuautitlan-Edomex.jpeg","jetpack_sharing_enabled":true,"_links":{"self":[{"href":"https:\/\/zonaroja.com.mx\/index.php?rest_route=\/wp\/v2\/posts\/76734","targetHints":{"allow":["GET"]}}],"collection":[{"href":"https:\/\/zonaroja.com.mx\/index.php?rest_route=\/wp\/v2\/posts"}],"about":[{"href":"https:\/\/zonaroja.com.mx\/index.php?rest_route=\/wp\/v2\/types\/post"}],"author":[{"embeddable":true,"href":"https:\/\/zonaroja.com.mx\/index.php?rest_route=\/wp\/v2\/users\/2"}],"replies":[{"embeddable":true,"href":"https:\/\/zonaroja.com.mx\/index.php?rest_route=%2Fwp%2Fv2%2Fcomments&post=76734"}],"version-history":[{"count":1,"href":"https:\/\/zonaroja.com.mx\/index.php?rest_route=\/wp\/v2\/posts\/76734\/revisions"}],"predecessor-version":[{"id":76736,"href":"https:\/\/zonaroja.com.mx\/index.php?rest_route=\/wp\/v2\/posts\/76734\/revisions\/76736"}],"wp:featuredmedia":[{"embeddable":true,"href":"https:\/\/zonaroja.com.mx\/index.php?rest_route=\/wp\/v2\/media\/76735"}],"wp:attachment":[{"href":"https:\/\/zonaroja.com.mx\/index.php?rest_route=%2Fwp%2Fv2%2Fmedia&parent=76734"}],"wp:term":[{"taxonomy":"category","embeddable":true,"href":"https:\/\/zonaroja.com.mx\/index.php?rest_route=%2Fwp%2Fv2%2Fcategories&post=76734"},{"taxonomy":"post_tag","embeddable":true,"href":"https:\/\/zonaroja.com.mx\/index.php?rest_route=%2Fwp%2Fv2%2Ftags&post=76734"}],"curies":[{"name":"wp","href":"https:\/\/api.w.org\/{rel}","templated":true}]}}