{"id":76740,"date":"2025-01-22T07:15:00","date_gmt":"2025-01-22T13:15:00","guid":{"rendered":"https:\/\/zonaroja.com.mx\/?p=76740"},"modified":"2025-01-22T06:41:23","modified_gmt":"2025-01-22T12:41:23","slug":"inician-obras-de-ampliacion-de-la-red-de-energia-electrica-en-xoxocotlan","status":"publish","type":"post","link":"https:\/\/zonaroja.com.mx\/?p=76740","title":{"rendered":"Inician obras\u00a0 de ampliaci\u00f3n de la red de energ\u00eda el\u00e9ctrica en Xoxocotl\u00e1n"},"content":{"rendered":"\n<p>Redacci\u00f3n\/Zona Roja.<\/p>\n\n\n\n<p>Oaxaca de Ju\u00e1rez, Oax., 22 de enero de 2025.- La presidenta municipal de Santa Cruz Xoxocotl\u00e1n, Nancy Ben\u00edtez Z\u00e1rate, junto con integrantes del Cabildo, dieron el banderazo de inicio de las obras de electrificaci\u00f3n en calles de las colonias Uni\u00f3n, Primera Ampliaci\u00f3n y Lomas de San Javier.&nbsp;<\/p>\n\n\n\n<p>Esta importante obra, ante el Fondo de Servicio Universal El\u00e9ctrico (FSUE), representa un paso significativo hacia el desarrollo integral de estas zonas y una mejor calidad de vida de las familias que habitan en estas colonias del municipio.<\/p>\n\n\n\n<p>\u00abHoy celebramos un triunfo m\u00e1s para Santa Cruz Xoxocotl\u00e1n. Esta obra es el resultado de la gesti\u00f3n de la ciudadan\u00eda, acompa\u00f1ada del gobierno municipal, y representa un paso firme hacia el desarrollo de nuestras colonias y fraccionamientos. Agradezco a los vecinos por su paciencia y confianza en este proyecto, y al gobierno federal por su apoyo\u00bb, afirm\u00f3 la edil.<\/p>\n\n\n\n<p>Las y los vecinos de las colonias beneficiadas expresaron su agradecimiento a la presidenta municipal y al gobierno federal por hacer realidad este anhelo.<\/p>\n\n\n\n<p>\u00abEstamos muy emocionados con esta obra, ya que llev\u00e1bamos a\u00f1os esperando contar con un servicio el\u00e9ctrico de calidad\u00bb, manifest\u00f3 Mar\u00eda E. R., vecina de la colonia Francisco Javier Mina.&nbsp;<\/p>\n\n\n\n<p>Por su parte, Andr\u00e9s M., presidente del comit\u00e9 de vecinos de la colonia Uni\u00f3n, destac\u00f3 la importancia de la participaci\u00f3n ciudadana en este tipo de proyectos, \u00abagradecemos a la presidenta por escuchar nuestras demandas y por trabajar incansablemente para mejorar nuestra calidad de vida. Este es un ejemplo claro de lo que podemos lograr cuando trabajamos unidos\u00bb.<\/p>\n\n\n\n<p>La mun\u00edcipe reiter\u00f3 su compromiso de seguir trabajando para mejorar las condiciones de vida de todos los habitantes de este municipio, \u00abesta obra es solo el inicio de un largo camino. Seguiremos gestionando recursos y trabajando en conjunto con la ciudadan\u00eda para hacer de Santa Cruz Xoxocotl\u00e1n un municipio m\u00e1s pr\u00f3spero y equitativo\u00bb, concluy\u00f3.<\/p>\n\n\n\n<p>La electrificaci\u00f3n de estas colonias traer\u00e1 consigo una serie de beneficios que impactar\u00e1n positivamente en la vida de los habitantes como una mayor seguridad, ya que la iluminaci\u00f3n adecuada de las calles reducir\u00e1 los \u00edndices delictivos y crear\u00e1 un ambiente m\u00e1s tranquilo para las familias.<\/p>\n\n\n\n<p>Adem\u00e1s, teniendo acceso a la red de energ\u00eda el\u00e9ctrica, se impulsar\u00e1 el desarrollo econ\u00f3mico y se mejorar\u00e1 la conectividad con un mayor acceso a las tecnolog\u00edas de la informaci\u00f3n y la comunicaci\u00f3n.<\/p>\n\n\n\n<p>FERIA DEL EMPLEO<\/p>\n\n\n\n<p>Por otra parte, el gobierno municipal de Santa Cruz Xoxocotl\u00e1n invita a las y los ciudadanos que est\u00e1n en b\u00fasqueda de un trabajo, a conocer las ofertas laborales durante la \u00abPrimera feria del empleo 2025\u00bb.<\/p>\n\n\n\n<p>La presidenta municipal, Nancy Ben\u00edtez Z\u00e1rate, destac\u00f3 la importancia de esta actividad para que las y los buscadores de empleo tengan acceso a las vacantes disponibles por el sector empresarial.<\/p>\n\n\n\n<p>Resalt\u00f3 tambi\u00e9n que estas acciones son para impulsar el desarrollo de las y los ciudadanos, as\u00ed como de la econom\u00eda del municipio en general.<\/p>\n\n\n\n<p>En esta \u00abPrimera feria del empleo 2025\u00bb organizada en conjunto con la Coordinaci\u00f3n del Servicio Nacional de Empleo de Oaxaca, participar\u00e1n empresas para dar a conocer sus vacantes disponibles, sobre todo, las cercanas al municipio de Santa Cruz Xoxocotl\u00e1n para que sean accesibles a los trabajadores, inform\u00f3 el regidor de Desarrollo Econ\u00f3mico, Johnny Ram\u00edrez Cruz.<\/p>\n\n\n\n<p>Esta feria se realizar\u00e1 el 25 de enero del presente a\u00f1o, de 9:00 a 14:00 horas en el parque central de Santa Cruz Xoxocotl\u00e1n, y est\u00e1 dirigida a mujeres y hombres mayores de 18 a\u00f1os.<\/p>\n","protected":false},"excerpt":{"rendered":"<p>Redacci\u00f3n\/Zona Roja. Oaxaca de Ju\u00e1rez, Oax., 22 de enero de 2025.- La presidenta municipal de&hellip;<\/p>\n","protected":false},"author":2,"featured_media":76741,"comment_status":"closed","ping_status":"open","sticky":false,"template":"","format":"standard","meta":{"_lmt_disableupdate":"","_lmt_disable":"","_jetpack_memberships_contains_paid_content":false,"footnotes":""},"categories":[109,46],"tags":[133],"class_list":["post-76740","post","type-post","status-publish","format-standard","has-post-thumbnail","hentry","category-minuto-a-minuto","category-zona-blanca","tag-santa-cruz-xoxocotlan"],"jetpack_featured_media_url":"https:\/\/zonaroja.com.mx\/wp-content\/uploads\/2025\/01\/Electrificacion-Xoxocotlan.jpg","jetpack_sharing_enabled":true,"_links":{"self":[{"href":"https:\/\/zonaroja.com.mx\/index.php?rest_route=\/wp\/v2\/posts\/76740","targetHints":{"allow":["GET"]}}],"collection":[{"href":"https:\/\/zonaroja.com.mx\/index.php?rest_route=\/wp\/v2\/posts"}],"about":[{"href":"https:\/\/zonaroja.com.mx\/index.php?rest_route=\/wp\/v2\/types\/post"}],"author":[{"embeddable":true,"href":"https:\/\/zonaroja.com.mx\/index.php?rest_route=\/wp\/v2\/users\/2"}],"replies":[{"embeddable":true,"href":"https:\/\/zonaroja.com.mx\/index.php?rest_route=%2Fwp%2Fv2%2Fcomments&post=76740"}],"version-history":[{"count":1,"href":"https:\/\/zonaroja.com.mx\/index.php?rest_route=\/wp\/v2\/posts\/76740\/revisions"}],"predecessor-version":[{"id":76742,"href":"https:\/\/zonaroja.com.mx\/index.php?rest_route=\/wp\/v2\/posts\/76740\/revisions\/76742"}],"wp:featuredmedia":[{"embeddable":true,"href":"https:\/\/zonaroja.com.mx\/index.php?rest_route=\/wp\/v2\/media\/76741"}],"wp:attachment":[{"href":"https:\/\/zonaroja.com.mx\/index.php?rest_route=%2Fwp%2Fv2%2Fmedia&parent=76740"}],"wp:term":[{"taxonomy":"category","embeddable":true,"href":"https:\/\/zonaroja.com.mx\/index.php?rest_route=%2Fwp%2Fv2%2Fcategories&post=76740"},{"taxonomy":"post_tag","embeddable":true,"href":"https:\/\/zonaroja.com.mx\/index.php?rest_route=%2Fwp%2Fv2%2Ftags&post=76740"}],"curies":[{"name":"wp","href":"https:\/\/api.w.org\/{rel}","templated":true}]}}