{"id":76743,"date":"2025-01-22T08:15:00","date_gmt":"2025-01-22T14:15:00","guid":{"rendered":"https:\/\/zonaroja.com.mx\/?p=76743"},"modified":"2025-01-22T06:51:40","modified_gmt":"2025-01-22T12:51:40","slug":"enesima-ejecucion-en-el-istmo-ahora-en-tehuantepec","status":"publish","type":"post","link":"https:\/\/zonaroja.com.mx\/?p=76743","title":{"rendered":"En\u00e9sima ejecuci\u00f3n en el Istmo, ahora en Tehuantepec"},"content":{"rendered":"\n<p>Raymundo Morales\/Zona Roja.<\/p>\n\n\n\n<p>Oaxaca de Ju\u00e1rez, Oax., a 22 de enero de 2025.- Tras el hallazgo de un cuerpo sin vida con impactos de arma de fuego en San Juan Guichicovi, anoche fue ejecutada a balazos una persona del sexo masculino en Santo Domingo Tehuantepec.<\/p>\n\n\n\n<p>El ataque armado ocurri\u00f3 alrededor de las 22:30 horas en contra de un individuo que transitaba a bordo de su motocicleta en la calle Durango de la colonia Benito Ju\u00e1rez.<\/p>\n\n\n\n<p>Tras la llamada de auxilio de los vecinos de la zona, arribaron param\u00e9dicos que brindaron los primeros servicios pero corroboraron que la v\u00edctima ya no contaba con signos vitales.<\/p>\n\n\n\n<p>El cuerpo present\u00f3 varios impactos de bala de arma de grueso calibre; vest\u00eda uniforme de una empresa de servicio de cable.<\/p>\n\n\n\n<p>Polic\u00edas municipales arribaron \u00fanicamente para brindar los primeros auxilios y despu\u00e9s lleg\u00f3 personal de la Vicefiscal\u00eda Regional del Istmo, con la finalidad de iniciar las primeras indagatorias y abrir la carpeta de investigaci\u00f3n correspondiente.<\/p>\n\n\n\n<p>Desde el 1 de enero, la nueva presidenta municipal es Ana Cecilia P\u00e9rez Vel\u00e1squez, tras concluir el periodo de Vilma Mart\u00ednez Cort\u00e9s, quien ahora es funcionaria del Gobierno del Estado; ni en la anterior ni en la actual administraci\u00f3n municipal se han reforzado las acciones de seguridad para proteger a la poblaci\u00f3n.<\/p>\n","protected":false},"excerpt":{"rendered":"<p>Raymundo Morales\/Zona Roja. Oaxaca de Ju\u00e1rez, Oax., a 22 de enero de 2025.- Tras el&hellip;<\/p>\n","protected":false},"author":2,"featured_media":76744,"comment_status":"closed","ping_status":"open","sticky":false,"template":"","format":"standard","meta":{"_lmt_disableupdate":"","_lmt_disable":"","_jetpack_memberships_contains_paid_content":false,"footnotes":""},"categories":[109,51],"tags":[533],"class_list":["post-76743","post","type-post","status-publish","format-standard","has-post-thumbnail","hentry","category-minuto-a-minuto","category-zona-roja","tag-asesinado-en-tehuantepec"],"jetpack_featured_media_url":"https:\/\/zonaroja.com.mx\/wp-content\/uploads\/2025\/01\/Asesinado-colonia-Benito-Juarez-Tehuantepec.jpg","jetpack_sharing_enabled":true,"_links":{"self":[{"href":"https:\/\/zonaroja.com.mx\/index.php?rest_route=\/wp\/v2\/posts\/76743","targetHints":{"allow":["GET"]}}],"collection":[{"href":"https:\/\/zonaroja.com.mx\/index.php?rest_route=\/wp\/v2\/posts"}],"about":[{"href":"https:\/\/zonaroja.com.mx\/index.php?rest_route=\/wp\/v2\/types\/post"}],"author":[{"embeddable":true,"href":"https:\/\/zonaroja.com.mx\/index.php?rest_route=\/wp\/v2\/users\/2"}],"replies":[{"embeddable":true,"href":"https:\/\/zonaroja.com.mx\/index.php?rest_route=%2Fwp%2Fv2%2Fcomments&post=76743"}],"version-history":[{"count":1,"href":"https:\/\/zonaroja.com.mx\/index.php?rest_route=\/wp\/v2\/posts\/76743\/revisions"}],"predecessor-version":[{"id":76745,"href":"https:\/\/zonaroja.com.mx\/index.php?rest_route=\/wp\/v2\/posts\/76743\/revisions\/76745"}],"wp:featuredmedia":[{"embeddable":true,"href":"https:\/\/zonaroja.com.mx\/index.php?rest_route=\/wp\/v2\/media\/76744"}],"wp:attachment":[{"href":"https:\/\/zonaroja.com.mx\/index.php?rest_route=%2Fwp%2Fv2%2Fmedia&parent=76743"}],"wp:term":[{"taxonomy":"category","embeddable":true,"href":"https:\/\/zonaroja.com.mx\/index.php?rest_route=%2Fwp%2Fv2%2Fcategories&post=76743"},{"taxonomy":"post_tag","embeddable":true,"href":"https:\/\/zonaroja.com.mx\/index.php?rest_route=%2Fwp%2Fv2%2Ftags&post=76743"}],"curies":[{"name":"wp","href":"https:\/\/api.w.org\/{rel}","templated":true}]}}