{"id":76752,"date":"2025-01-22T10:26:00","date_gmt":"2025-01-22T16:26:00","guid":{"rendered":"https:\/\/zonaroja.com.mx\/?p=76752"},"modified":"2025-01-22T08:26:46","modified_gmt":"2025-01-22T14:26:46","slug":"reconocen-senadores-firmeza-de-sheinbaum-para-enfrentar-desafios-con-eu","status":"publish","type":"post","link":"https:\/\/zonaroja.com.mx\/?p=76752","title":{"rendered":"Reconocen senadores firmeza de Sheinbaum para enfrentar desaf\u00edos con EU"},"content":{"rendered":"\n<p>Redacci\u00f3n\/Zona Roja Cdmx.<\/p>\n\n\n\n<p>Ciudad de M\u00e9xico, a 22 de enero de 2025.- Las y los senadores de Morena reconocemos la firmeza y el nacionalismo que la presidenta Claudia Sheinbaum ha demostrado frente al inicio de la administraci\u00f3n de Donald Trump, cualidades que le faltaron a los gobiernos del PRI y del PAN para proteger a nuestros compatriotas y a la soberan\u00eda nacional durante el r\u00e9gimen neoliberal, sostuvo el senador Antonino Morales Toledo.<\/p>\n\n\n\n<p>El legislador por Oaxaca destac\u00f3 que, en una clara muestra de liderazgo, la presidenta ha mantenido la calma y ha actuado con prontitud para responder con acciones contundentes a las \u00f3rdenes ejecutivas del presidente estadounidense, que amenazan los derechos de los mexicanos que residen en el pa\u00eds vecino del norte.&nbsp;<\/p>\n\n\n\n<p>\u201cLo m\u00e1s importante para nuestro gobierno es proteger a nuestros compatriotas y nuestra soberan\u00eda. La doctora Sheinbaum pone el ejemplo al resto del mundo para enfrentar los retos de la nueva era Trump&#8217;, dijo Nino Morales.<\/p>\n\n\n\n<p>El pol\u00edtico istme\u00f1o record\u00f3 que el presidente Andr\u00e9s Manuel L\u00f3pez Obrador enfrent\u00f3 medidas similares y actu\u00f3 con responsabilidad no solamente alzando la voz contra la vulneraci\u00f3n de los derechos de los mexicanos que migraron a los Estados Unidos.&nbsp;<\/p>\n\n\n\n<p>\u201cEl licenciado L\u00f3pez Obrador impidi\u00f3 que elementos de seguridad o militares extranjeros operaran en nuestro territorio, ya que en realidad eran intervenciones disfrazadas de cooperaci\u00f3n\u00bb, se\u00f1al\u00f3 el senador.<\/p>\n\n\n\n<p>Adem\u00e1s, Morales Toledo a\u00f1adi\u00f3 que el expresidente fue m\u00e1s all\u00e1 y puso el dedo sobre la llaga que los estadounidenses se niegan a reconocer: el consumo de fentanilo como problema de salud p\u00fablica, una red de distribuci\u00f3n y venta de drogas en su territorio, y que son norteamericanos quienes venden armas a los narcotraficantes.<\/p>\n\n\n\n<p>Opin\u00f3 que clasificar a los c\u00e1rteles mexicanos como organizaciones terroristas desv\u00eda la atenci\u00f3n de la responsabilidad de las autoridades de Estados Unidos para actuar en su propio territorio. Adem\u00e1s, consider\u00f3 que el aumento de aranceles es un error que perjudica la competitividad de Am\u00e9rica del Norte frente a China.<\/p>\n\n\n\n<p>El senador zapoteco critic\u00f3 a la oposici\u00f3n por aprovechar esta etapa en la relaci\u00f3n binacional con miras al proceso electoral intermedio.&nbsp;<\/p>\n\n\n\n<p>\u00abEs deplorable que, ante los riesgos que nuestros compatriotas deben enfrentar con pol\u00edticas antiinmigrantes y xen\u00f3fobas, la oposici\u00f3n intente desacreditar las acciones del gobierno de la doctora Sheinbaum para obtener un beneficio electoral\u00bb, se\u00f1al\u00f3 Nino Morales.<\/p>\n\n\n\n<p>El secretario de la Comisi\u00f3n de Asuntos de la Frontera Sur se\u00f1al\u00f3 que Morena en el Senado respalda la estrategia de la presidenta Claudia Sheinbaum, basada en acciones humanistas y claras para recibir a los connacionales repatriados y a los migrantes que entran por nuestras fronteras.<\/p>\n\n\n\n<p>\u201cDebemos actuar con calma, sin sobresaltos, con unidad para exigir respeto y confiar en que el di\u00e1logo nos permitir\u00e1 arribar a acuerdos y a la colaboraci\u00f3n necesaria entre dos pa\u00edses vecinos y aliado estrat\u00e9gicos\u201d, resalt\u00f3 el senador por Oaxaca.<\/p>\n","protected":false},"excerpt":{"rendered":"<p>Redacci\u00f3n\/Zona Roja Cdmx. Ciudad de M\u00e9xico, a 22 de enero de 2025.- Las y los&hellip;<\/p>\n","protected":false},"author":2,"featured_media":72456,"comment_status":"closed","ping_status":"open","sticky":false,"template":"","format":"standard","meta":{"_lmt_disableupdate":"","_lmt_disable":"","_jetpack_memberships_contains_paid_content":false,"footnotes":""},"categories":[109,46],"tags":[180],"class_list":["post-76752","post","type-post","status-publish","format-standard","has-post-thumbnail","hentry","category-minuto-a-minuto","category-zona-blanca","tag-antonino-morales-toledo"],"jetpack_featured_media_url":"https:\/\/zonaroja.com.mx\/wp-content\/uploads\/2024\/09\/Antonino-Morales.jpeg","jetpack_sharing_enabled":true,"_links":{"self":[{"href":"https:\/\/zonaroja.com.mx\/index.php?rest_route=\/wp\/v2\/posts\/76752","targetHints":{"allow":["GET"]}}],"collection":[{"href":"https:\/\/zonaroja.com.mx\/index.php?rest_route=\/wp\/v2\/posts"}],"about":[{"href":"https:\/\/zonaroja.com.mx\/index.php?rest_route=\/wp\/v2\/types\/post"}],"author":[{"embeddable":true,"href":"https:\/\/zonaroja.com.mx\/index.php?rest_route=\/wp\/v2\/users\/2"}],"replies":[{"embeddable":true,"href":"https:\/\/zonaroja.com.mx\/index.php?rest_route=%2Fwp%2Fv2%2Fcomments&post=76752"}],"version-history":[{"count":1,"href":"https:\/\/zonaroja.com.mx\/index.php?rest_route=\/wp\/v2\/posts\/76752\/revisions"}],"predecessor-version":[{"id":76753,"href":"https:\/\/zonaroja.com.mx\/index.php?rest_route=\/wp\/v2\/posts\/76752\/revisions\/76753"}],"wp:featuredmedia":[{"embeddable":true,"href":"https:\/\/zonaroja.com.mx\/index.php?rest_route=\/wp\/v2\/media\/72456"}],"wp:attachment":[{"href":"https:\/\/zonaroja.com.mx\/index.php?rest_route=%2Fwp%2Fv2%2Fmedia&parent=76752"}],"wp:term":[{"taxonomy":"category","embeddable":true,"href":"https:\/\/zonaroja.com.mx\/index.php?rest_route=%2Fwp%2Fv2%2Fcategories&post=76752"},{"taxonomy":"post_tag","embeddable":true,"href":"https:\/\/zonaroja.com.mx\/index.php?rest_route=%2Fwp%2Fv2%2Ftags&post=76752"}],"curies":[{"name":"wp","href":"https:\/\/api.w.org\/{rel}","templated":true}]}}