{"id":7676,"date":"2020-01-14T20:32:39","date_gmt":"2020-01-15T02:32:39","guid":{"rendered":"http:\/\/www.zonaroja.com.mx\/?p=7676"},"modified":"2020-01-14T20:40:25","modified_gmt":"2020-01-15T02:40:25","slug":"titular-de-sspo-abuso-de-su-autoridad-presentan-denuncia-ante-fiscalia","status":"publish","type":"post","link":"https:\/\/zonaroja.com.mx\/?p=7676","title":{"rendered":"Titular de SSPO abus\u00f3 de su autoridad; presentan denuncia ante Fiscal\u00eda"},"content":{"rendered":"\n<p>Redacci\u00f3n\/Zona\nRoja.<\/p>\n\n\n\n<p>Oaxaca de\nJu\u00e1rez, Oax., 14 de enero de 2020.- Personal de la Secretar\u00eda de Seguridad\nP\u00fablica, incluyendo su titular, Ra\u00fal Ernesto Salcedo, y de la Polic\u00eda Vial,\nfueron denunciados hoy por abusos de autoridad, extorsi\u00f3n y violaci\u00f3n a\nderechos humanos, por un particular.<\/p>\n\n\n\n<p>Un hecho de\ntr\u00e1nsito com\u00fan, suscitado la tarde del s\u00e1bado 11 de enero en la avenida Hornos\nde Santa Luc\u00eda del Camino, deriv\u00f3 en agravios de \u00d3scar Gabriel Navarrete Arreola\ny su familia, al usar en exceso la fuerza p\u00fablica, esposar al ciudadano,\nllevarlo a los separos y luego hacerlo firmar un documento ilegal.<\/p>\n\n\n\n<p>As\u00ed lo explic\u00f3 el abogado del quejoso, Juan Jos\u00e9 Mexueiro Orozco, quien asegur\u00f3 que con mentiras completas y verdades a medias el titular de la SSPO, Ra\u00fal Ernesto Salcedo Rosales, intent\u00f3 justificar su abuso de autoridad, violando todos los protocolos de detenci\u00f3n en contra de su representado y due\u00f1o del veh\u00edculo con quien protagoniz\u00f3 el hecho vial, por lo que una vez identificado ser\u00e1 ampliada su denuncia en contra del funcionario.<\/p>\n\n\n\n<figure class=\"wp-block-embed-twitter wp-block-embed is-type-rich is-provider-twitter\"><div class=\"wp-block-embed__wrapper\">\n<div class=\"twitter-tweet\"><blockquote class=\"twitter-tweet\" data-lang=\"es\"><p lang=\"es\" dir=\"ltr\">(1) <a href=\"https:\/\/twitter.com\/hashtag\/OaxacaGris?src=hash&amp;ref_src=twsrc%5Etfw\">#OaxacaGris<\/a><br>Un simple hecho de tr\u00e1nsito deriv\u00f3 en extorsi\u00f3n y abuso de autoridad por parte de la <a href=\"https:\/\/twitter.com\/SSP_GobOax?ref_src=twsrc%5Etfw\">@SSP_GobOax<\/a>, denunci\u00f3 hoy el abogado de la v\u00edctima, <a href=\"https:\/\/twitter.com\/lic_meixueiro?ref_src=twsrc%5Etfw\">@lic_meixueiro<\/a>; el secretario Ra\u00fal Ernesto Salcedo minti\u00f3 para justificar los hechos, dijo. <a href=\"https:\/\/t.co\/q7lJTOEO1S\">pic.twitter.com\/q7lJTOEO1S<\/a><\/p>&mdash; Zona Roja Oaxaca (@MexRoja) <a href=\"https:\/\/twitter.com\/MexRoja\/status\/1217267408403984384?ref_src=twsrc%5Etfw\">15 de enero de 2020<\/a><\/blockquote><\/div>\n<\/div><\/figure>\n\n\n\n<p>Detall\u00f3 que\nfue el s\u00e1bado por la tarde, en inmediaciones de la avenida Hornos en el\nmunicipio de Santa Luc\u00eda del Camino, que la motocicleta marca Harley Davidson\ndonde se trasladaba Salcedo Rosales, se impact\u00f3 con el veh\u00edculo propiedad de\nOscar Gabriel Navarrete, quien se dirig\u00eda a comer con su esposa -embarazada de\ndos meses- y su hijo de seis a\u00f1os de edad.<\/p>\n\n\n\n<p>Con exceso\nde elementos de seguridad el ciudadano oaxaque\u00f1o, fue perseguido y detenido\npara trasladarlo a los separos de Santa Mar\u00eda Coyoteoec, en donde estuvo por un\npar de horas, debido a un hecho de tr\u00e1nsito que no ameritaba dicha acci\u00f3n de\nacuerdo con los protocolos de vialidad.<\/p>\n\n\n\n<p>Posteriormente\ny con el apoyo de una autoridad que desconocen su identidad, fue trasladado a\nlas oficinas de Vialidad ubicada en avenida Ferrocarril a donde tuvo que haber\nsido canalizado desde un inicio, en donde se present\u00f3 un hombre Cristian Cortes\nPinacho conductor de una motocicleta con da\u00f1os por el percance y que ten\u00eda que\npagar en ese momento la cantidad de 14 mil 500 pesos para conseguir su\nlibertad, acci\u00f3n que hizo para reunirse con su familia despu\u00e9s de firmar un\nacto convenio ilegal.<\/p>\n\n\n\n<p>El abogado precis\u00f3 que los hechos fueron denunciados ante la Fiscal\u00eda General de Justicia de Oaxaca debido al abuso de poder que a todas luces se puede observar en el caso qu\u00e9 pas\u00f3 de ser un percance vial a una violaci\u00f3n total de los derechos humanos y extorsi\u00f3n.<\/p>\n\n\n\n<figure class=\"wp-block-embed-twitter wp-block-embed is-type-rich is-provider-twitter\"><div class=\"wp-block-embed__wrapper\">\n<div class=\"twitter-tweet\"><blockquote class=\"twitter-tweet\" data-lang=\"es\"><p lang=\"es\" dir=\"ltr\">(2) <a href=\"https:\/\/twitter.com\/hashtag\/OaxacaGris?src=hash&amp;ref_src=twsrc%5Etfw\">#OaxacaGris<\/a><br>En conferencia de prensa, el abogado <a href=\"https:\/\/twitter.com\/lic_meixueiro?ref_src=twsrc%5Etfw\">@lic_meixueiro<\/a> pidi\u00f3 medidas cautelares para su defendido, \u00d3scar Gabriel Navarrete; exigi\u00f3 una investigaci\u00f3n imparcial, con respeto a los derechos humanos; \u201cya no estamos en los 80 de Durazo\u201d, a\u00f1adi\u00f3. <a href=\"https:\/\/t.co\/FLNusE31YA\">pic.twitter.com\/FLNusE31YA<\/a><\/p>&mdash; Zona Roja Oaxaca (@MexRoja) <a href=\"https:\/\/twitter.com\/MexRoja\/status\/1217270191358267393?ref_src=twsrc%5Etfw\">15 de enero de 2020<\/a><\/blockquote><\/div>\n<\/div><\/figure>\n\n\n\n<p>\u201cNo es\nposible que la Polic\u00eda Estatal se haya convertido en una autoridad de tr\u00e1nsito,\nen ministerio p\u00fablico, perito valuador para determinar el monto del da\u00f1o y juez\npara haber condenado a la v\u00edctima a estar en prisi\u00f3n y emitir el pago por la\nreparaci\u00f3n del da\u00f1o, esa es la polic\u00eda que tenemos\u201d, dijo Mexueiro Orozco.<\/p>\n\n\n\n<p>As\u00ed mismo, cuestion\u00f3 que Ra\u00fal Ernesto Salcedo Rosales, titular de la SPPO, haya negado su participaci\u00f3n en el percance cuando fue su motocicleta la que se impact\u00f3 en el veh\u00edculo de la familia y posteriormente fue \u00e9l quien mand\u00f3 a detener con abusO de autoridad a una sola persona que m\u00e1s que oponerse estaba rebasado ante la acci\u00f3n que encabezaron decenas de elementos de seguridad que deber\u00edan estar al pendiente de la ciudadan\u00eda en general y no de una sola persona.<\/p>\n\n\n\n<p>Por lo\nanterior, detall\u00f3 que buscar\u00e1n que su denuncia sea remitida a la Fiscal\u00eda de\nCombate a la Corrupci\u00f3n y a la Secretaria de la Contralor\u00eda, debido a que\ninvolucra a un funcionario de alto nivel del gobierno de Oaxaca.<\/p>\n\n\n\n<p>Igualmente se\npresentar\u00e1 una queja ante la Defensor\u00eda de los Derechos Humanos de Oaxaca para\nsolicitar las medidas cautelares de protecci\u00f3n a v\u00edctimas, que atienda el da\u00f1o\npsicol\u00f3gico de la familia por los hechos vividos y en su momento se solicitar\u00e1\nla reparaci\u00f3n del da\u00f1o moral.<\/p>\n\n\n\n<p>\u201cPedimos una investigaci\u00f3n imparcial en todas las instancias que van a intervenir en este caso, con respeto a los derechos hoy humanos y de los principios que rigen en nuevo Sistema de Justicia Penal, en un marco de igualdad procesal e imparcialidad de las autoridades\u201d, sentenci\u00f3 el abogado.<\/p>\n\n\n\n<figure class=\"wp-block-embed-twitter wp-block-embed is-type-rich is-provider-twitter\"><div class=\"wp-block-embed__wrapper\">\n<div class=\"twitter-tweet\"><blockquote class=\"twitter-tweet\" data-lang=\"es\"><p lang=\"es\" dir=\"ltr\">(3) <a href=\"https:\/\/twitter.com\/hashtag\/OaxacaGris?src=hash&amp;ref_src=twsrc%5Etfw\">#OaxacaGris<\/a><br>En la <a href=\"https:\/\/twitter.com\/SSP_GobOax?ref_src=twsrc%5Etfw\">@SSP_GobOax<\/a> \u201cLe hicieron firmar un supuesto acta-convenio; nadie puede firmar un convenio de intercambio de su libertad; no le leyeron sus derechos, violaron todos y cada uno de los protocolos; difundieron su identidad sin permiso\u201d, dijo <a href=\"https:\/\/twitter.com\/lic_meixueiro?ref_src=twsrc%5Etfw\">@lic_meixueiro<\/a>. <a href=\"https:\/\/t.co\/jTvJFHwjq0\">pic.twitter.com\/jTvJFHwjq0<\/a><\/p>&mdash; Zona Roja Oaxaca (@MexRoja) <a href=\"https:\/\/twitter.com\/MexRoja\/status\/1217272824944967680?ref_src=twsrc%5Etfw\">15 de enero de 2020<\/a><\/blockquote><\/div>\n<\/div><\/figure>\n","protected":false},"excerpt":{"rendered":"<p>Redacci\u00f3n\/Zona Roja. Oaxaca de Ju\u00e1rez, Oax., 14 de enero de 2020.- Personal de la Secretar\u00eda&hellip;<\/p>\n","protected":false},"author":2,"featured_media":7677,"comment_status":"closed","ping_status":"open","sticky":false,"template":"","format":"standard","meta":{"_lmt_disableupdate":"","_lmt_disable":"","_jetpack_memberships_contains_paid_content":false,"footnotes":""},"categories":[109,47],"tags":[1281,1280],"class_list":["post-7676","post","type-post","status-publish","format-standard","has-post-thumbnail","hentry","category-minuto-a-minuto","category-zona-gris","tag-oscar-gabriel-navarrete-arreola","tag-raul-ernesto-salcedo"],"jetpack_featured_media_url":"https:\/\/zonaroja.com.mx\/wp-content\/uploads\/2020\/01\/Conferencia-caso-\u00d3scar-Gabriel-Navarrete.jpg","jetpack_sharing_enabled":true,"_links":{"self":[{"href":"https:\/\/zonaroja.com.mx\/index.php?rest_route=\/wp\/v2\/posts\/7676","targetHints":{"allow":["GET"]}}],"collection":[{"href":"https:\/\/zonaroja.com.mx\/index.php?rest_route=\/wp\/v2\/posts"}],"about":[{"href":"https:\/\/zonaroja.com.mx\/index.php?rest_route=\/wp\/v2\/types\/post"}],"author":[{"embeddable":true,"href":"https:\/\/zonaroja.com.mx\/index.php?rest_route=\/wp\/v2\/users\/2"}],"replies":[{"embeddable":true,"href":"https:\/\/zonaroja.com.mx\/index.php?rest_route=%2Fwp%2Fv2%2Fcomments&post=7676"}],"version-history":[{"count":2,"href":"https:\/\/zonaroja.com.mx\/index.php?rest_route=\/wp\/v2\/posts\/7676\/revisions"}],"predecessor-version":[{"id":7680,"href":"https:\/\/zonaroja.com.mx\/index.php?rest_route=\/wp\/v2\/posts\/7676\/revisions\/7680"}],"wp:featuredmedia":[{"embeddable":true,"href":"https:\/\/zonaroja.com.mx\/index.php?rest_route=\/wp\/v2\/media\/7677"}],"wp:attachment":[{"href":"https:\/\/zonaroja.com.mx\/index.php?rest_route=%2Fwp%2Fv2%2Fmedia&parent=7676"}],"wp:term":[{"taxonomy":"category","embeddable":true,"href":"https:\/\/zonaroja.com.mx\/index.php?rest_route=%2Fwp%2Fv2%2Fcategories&post=7676"},{"taxonomy":"post_tag","embeddable":true,"href":"https:\/\/zonaroja.com.mx\/index.php?rest_route=%2Fwp%2Fv2%2Ftags&post=7676"}],"curies":[{"name":"wp","href":"https:\/\/api.w.org\/{rel}","templated":true}]}}