{"id":76768,"date":"2025-01-22T20:00:48","date_gmt":"2025-01-23T02:00:48","guid":{"rendered":"https:\/\/zonaroja.com.mx\/?p=76768"},"modified":"2025-01-22T20:00:50","modified_gmt":"2025-01-23T02:00:50","slug":"pide-congreso-a-ayuntamientos-distribucion-justa-de-presupuesto","status":"publish","type":"post","link":"https:\/\/zonaroja.com.mx\/?p=76768","title":{"rendered":"Pide Congreso a ayuntamientos distribuci\u00f3n justa de presupuesto"},"content":{"rendered":"\n<p>Redacci\u00f3n\/Zona Roja.<\/p>\n\n\n\n<p>Oaxaca de Ju\u00e1rez, Oax., a 22 de enero del 2025.- Para coadyuvar a la gobernabilidad y evitar conflictos intermunicipales generados por la falta de inclusi\u00f3n en la toma de decisiones sobre la gesti\u00f3n de recursos municipales, la 66 Legislatura local del Congreso del Estado aprob\u00f3 de urgente y obvia resoluci\u00f3n con 36 votos a favor, un exhorto promovido por el diputado del Grupo Parlamentario Morena, Israel L\u00f3pez S\u00e1nchez.<\/p>\n\n\n\n<p>La propuesta insta a los 570 municipios de la entidad a garantizar la participaci\u00f3n de las autoridades auxiliares, representantes de instituciones educativas y n\u00facleos agrarios en la definici\u00f3n de obras prioritarias.<\/p>\n\n\n\n<p>\u201cEl incumplimiento en la asignaci\u00f3n peri\u00f3dica del dinero p\u00fablico genera no solo desigualdad, sino tambi\u00e9n divisiones entre las autoridades, limitando el progreso de nuestras comunidades\u201d, puntualiz\u00f3 el legislador al hablar en tribuna.<\/p>\n\n\n\n<p>Tambi\u00e9n el documento establece la necesidad de asegurar una distribuci\u00f3n equitativa y justa del presupuesto de los ayuntamientos, as\u00ed como de las participaciones y aportaciones federales y otros ingresos que perciben, tomando en cuenta a las agencias municipales, de polic\u00eda, n\u00facleos rurales y dem\u00e1s centros de poblaci\u00f3n, con la finalidad de prevenir tensiones sociales y promover el desarrollo integral de las comunidades.<\/p>\n\n\n\n<p>Por otra parte, el Pleno del Poder Legislativo, aprob\u00f3 tres dict\u00e1menes con Proyecto de Decreto y tres dict\u00e1menes con Proyecto de Acuerdo presentados por las Comisiones Permanentes de Gobierno y Asuntos Agrarios; Presupuesto y Programaci\u00f3n; as\u00ed como, de Seguridad P\u00fablica y Protecci\u00f3n Civil, lo que refleja el compromiso de las y los legisladores con el fortalecimiento de la gobernabilidad, la planeaci\u00f3n presupuestaria y la seguridad en beneficio de las comunidades del estado.<\/p>\n\n\n\n<p>En el marco de la sesi\u00f3n ordinaria, la Mesa Directiva turn\u00f3 a las Comisiones Permanentes 13 iniciativas de ley y cinco Puntos de Acuerdo para su an\u00e1lisis y dictaminaci\u00f3n, los cuales abordan temas relacionados con Educaci\u00f3n; Medio Ambiente; Gobernabilidad; Ordenamiento Territorial; Acciones Afirmativas; Derechos de Grupos Vulnerables; Infancia y Adolescencia.<\/p>\n\n\n\n<p>Los proyectos fueron presentados por integrantes de los Grupos Parlamentarios de Morena, Partido Verde Ecologista de M\u00e9xico (PVEM), Partido del Trabajo (PT), Partido Revolucionario Institucional (PRI), Fuerza por Oaxaca, Movimiento Ciudadano y Grupo Plural, lo que refleja un esfuerzo conjunto por construir un marco legal que promueva la justicia social, el desarrollo sostenible y el respeto a los derechos humanos.<\/p>\n\n\n\n<figure class=\"wp-block-embed is-type-rich is-provider-twitter wp-block-embed-twitter\"><div class=\"wp-block-embed__wrapper\">\n<div class=\"twitter-tweet\"><blockquote class=\"twitter-tweet\" data-lang=\"es\"><p lang=\"es\" dir=\"ltr\">El pleno del <a href=\"https:\/\/twitter.com\/CongresoOaxaca_?ref_src=twsrc%5Etfw\">@CongresoOaxaca_<\/a> aval\u00f3 con 36 votos el Punto de Acuerdo que present\u00f3 el diputado por Morena, <a href=\"https:\/\/twitter.com\/lopez_isra?ref_src=twsrc%5Etfw\">@lopez_isra<\/a>, para que  la priorizaci\u00f3n de obras p\u00fablicas en los 570 ayuntamientos se realice con el consenso de autoridades auxiliares, representantes educativos y de n\u00facleos\u2026 <a href=\"https:\/\/t.co\/tKV6M8Bkif\">pic.twitter.com\/tKV6M8Bkif<\/a><\/p>&mdash; Zona Roja Oaxaca (@ZonaRoja_Oaxaca) <a href=\"https:\/\/twitter.com\/ZonaRoja_Oaxaca\/status\/1881783597117624669?ref_src=twsrc%5Etfw\">21 de enero de 2025<\/a><\/blockquote><\/div>\n<\/div><\/figure>\n","protected":false},"excerpt":{"rendered":"<p>Redacci\u00f3n\/Zona Roja. Oaxaca de Ju\u00e1rez, Oax., a 22 de enero del 2025.- Para coadyuvar a&hellip;<\/p>\n","protected":false},"author":2,"featured_media":76769,"comment_status":"closed","ping_status":"open","sticky":false,"template":"","format":"standard","meta":{"_lmt_disableupdate":"","_lmt_disable":"","_jetpack_memberships_contains_paid_content":false,"footnotes":""},"categories":[109,46],"tags":[4127],"class_list":["post-76768","post","type-post","status-publish","format-standard","has-post-thumbnail","hentry","category-minuto-a-minuto","category-zona-blanca","tag-israel-lopez-sanchez"],"jetpack_featured_media_url":"https:\/\/zonaroja.com.mx\/wp-content\/uploads\/2025\/01\/Israel-Lopez-Sanchez-Congreso.jpeg","jetpack_sharing_enabled":true,"_links":{"self":[{"href":"https:\/\/zonaroja.com.mx\/index.php?rest_route=\/wp\/v2\/posts\/76768","targetHints":{"allow":["GET"]}}],"collection":[{"href":"https:\/\/zonaroja.com.mx\/index.php?rest_route=\/wp\/v2\/posts"}],"about":[{"href":"https:\/\/zonaroja.com.mx\/index.php?rest_route=\/wp\/v2\/types\/post"}],"author":[{"embeddable":true,"href":"https:\/\/zonaroja.com.mx\/index.php?rest_route=\/wp\/v2\/users\/2"}],"replies":[{"embeddable":true,"href":"https:\/\/zonaroja.com.mx\/index.php?rest_route=%2Fwp%2Fv2%2Fcomments&post=76768"}],"version-history":[{"count":1,"href":"https:\/\/zonaroja.com.mx\/index.php?rest_route=\/wp\/v2\/posts\/76768\/revisions"}],"predecessor-version":[{"id":76770,"href":"https:\/\/zonaroja.com.mx\/index.php?rest_route=\/wp\/v2\/posts\/76768\/revisions\/76770"}],"wp:featuredmedia":[{"embeddable":true,"href":"https:\/\/zonaroja.com.mx\/index.php?rest_route=\/wp\/v2\/media\/76769"}],"wp:attachment":[{"href":"https:\/\/zonaroja.com.mx\/index.php?rest_route=%2Fwp%2Fv2%2Fmedia&parent=76768"}],"wp:term":[{"taxonomy":"category","embeddable":true,"href":"https:\/\/zonaroja.com.mx\/index.php?rest_route=%2Fwp%2Fv2%2Fcategories&post=76768"},{"taxonomy":"post_tag","embeddable":true,"href":"https:\/\/zonaroja.com.mx\/index.php?rest_route=%2Fwp%2Fv2%2Ftags&post=76768"}],"curies":[{"name":"wp","href":"https:\/\/api.w.org\/{rel}","templated":true}]}}