{"id":76771,"date":"2025-01-22T21:31:33","date_gmt":"2025-01-23T03:31:33","guid":{"rendered":"https:\/\/zonaroja.com.mx\/?p=76771"},"modified":"2025-01-22T21:31:34","modified_gmt":"2025-01-23T03:31:34","slug":"organismos-civiles-reprochan-uso-de-violencia-contra-opositores-a-basurero","status":"publish","type":"post","link":"https:\/\/zonaroja.com.mx\/?p=76771","title":{"rendered":"Organismos civiles reprochan uso de violencia contra opositores a basurero"},"content":{"rendered":"\n<p>Ismael Garc\u00eda M.\/Zona Roja.<\/p>\n\n\n\n<p>Oaxaca de Ju\u00e1rez, Oax., a 22 de enero de 2025.- El Observatorio Ciudadano Comunitario del Agua y Medio Ambiente de los Valles Centrales de Oaxaca (OCCAMA) reproch\u00f3 el uso de la violencia en contra de opositores a la instalaci\u00f3n de un centro de transferencia de basura, en Santa Cruz Xoxocotl\u00e1n.<\/p>\n\n\n\n<p>La agresi\u00f3n ocurri\u00f3 el pasado martes 14 de enero, cuando colonos de ese municipio y de San Antonio de la Cal se manifestaban en la avenida S\u00edmbolos Patrios, al sur de la capital, y fueron desalojados por un grupo de choque, presuntamente de una organizaci\u00f3n de transportistas.<\/p>\n\n\n\n<p>\u201cLo sucedido es inaceptable. Reprobamos el uso de la violencia y la participaci\u00f3n de personas relacionadas con sindicatos de transportistas para desalojar a mujeres, ni\u00f1as, ni\u00f1os y personas mayores, mientras las corporaciones de seguridad se mantuvieron al margen, hechos ampliamente difundidos por la prensa local y nacional\u201d, difundi\u00f3 hoy en un comunicado.<\/p>\n\n\n\n<p>Consider\u00f3 que el Gobierno del Estado a\u00fan no ha consultado a la sociedad ni hay informaci\u00f3n suficiente sobre los aspectos t\u00e9cnicos, econ\u00f3micos y sociales, acerca de la instalaci\u00f3n de un dep\u00f3sito de desechos.<\/p>\n\n\n\n<p>\u201cE Oaxaca, as\u00ed como en gran parte del resto de M\u00e9xico,&nbsp;la gesti\u00f3n de los residuos s\u00f3lidos urbanos es altamente deficiente y que responde a formas de vida&nbsp;modernas&nbsp;fundadas en el consumismo, en las que el cuidado de la vida y el medio ambiente han pasado a segundo t\u00e9rmino frente a intereses econ\u00f3micos y agendas pol\u00edticas particulares y se sacrifica el buen vivir&nbsp;y as\u00ed como el bienestar p\u00fablico de la ciudadan\u00eda y las comunidades\u201d, record\u00f3.<\/p>\n\n\n\n<p>Dijo que el Observatorio Ciudadano se ha solicitado desde el a\u00f1o pasado informaci\u00f3n por la v\u00eda legal y se sostuvieron reuniones para conocer y aportar propuestas para el manejo de los residuos s\u00f3lidos.<\/p>\n\n\n\n<p>\u201cEn dichas reuniones&nbsp;escuchamos soluciones simuladas e improvisadas, y se desestiman opciones ecol\u00f3gicamente sensatas, socializadas, solidarizadas, y construidas en conjunto con la ciudadan\u00eda, las comunidades y sus organizaciones de base\u201d.<\/p>\n\n\n\n<p>Insisti\u00f3 en que es indispensable que el Gobierno del Estado y los municipios, informen a toda la poblaci\u00f3n de dicho proyecto, transparenten en medios sus fundamentos t\u00e9cnicos, los resultados de los estudios de impacto ambiental, y se dise\u00f1e un mecanismo de consulta para toda la poblaci\u00f3n de dichos municipios.&nbsp;<\/p>\n\n\n\n<p>El OCCAMA se pronunci\u00f3 en contra de cualquier tipo de violencia y provocaci\u00f3n como respuesta a las manifestaciones de protesta social que cuestionan las acciones de gobierno.&nbsp;<\/p>\n\n\n\n<p>Asimismo, porque los proyectos e iniciativas del Gobierno de Estado y municipios, incorporen la participaci\u00f3n comunitaria y ciudadana en la toma de decisiones p\u00fablicas que tienen directo impacto en su bienestar.&nbsp;<\/p>\n\n\n\n<p>Adem\u00e1s, que se garantice el derecho al acceso a la informaci\u00f3n y transparencia en materia de pol\u00edticas p\u00fablicas ambientales.<\/p>\n","protected":false},"excerpt":{"rendered":"<p>Ismael Garc\u00eda M.\/Zona Roja. Oaxaca de Ju\u00e1rez, Oax., a 22 de enero de 2025.- El&hellip;<\/p>\n","protected":false},"author":2,"featured_media":76772,"comment_status":"closed","ping_status":"open","sticky":false,"template":"","format":"standard","meta":{"_lmt_disableupdate":"","_lmt_disable":"","_jetpack_memberships_contains_paid_content":false,"footnotes":""},"categories":[109,46],"tags":[],"class_list":["post-76771","post","type-post","status-publish","format-standard","has-post-thumbnail","hentry","category-minuto-a-minuto","category-zona-blanca"],"jetpack_featured_media_url":"https:\/\/zonaroja.com.mx\/wp-content\/uploads\/2025\/01\/Protesta-contra-centro-de-transferencia-de-basura-Xoxocotlan.jpg","jetpack_sharing_enabled":true,"_links":{"self":[{"href":"https:\/\/zonaroja.com.mx\/index.php?rest_route=\/wp\/v2\/posts\/76771","targetHints":{"allow":["GET"]}}],"collection":[{"href":"https:\/\/zonaroja.com.mx\/index.php?rest_route=\/wp\/v2\/posts"}],"about":[{"href":"https:\/\/zonaroja.com.mx\/index.php?rest_route=\/wp\/v2\/types\/post"}],"author":[{"embeddable":true,"href":"https:\/\/zonaroja.com.mx\/index.php?rest_route=\/wp\/v2\/users\/2"}],"replies":[{"embeddable":true,"href":"https:\/\/zonaroja.com.mx\/index.php?rest_route=%2Fwp%2Fv2%2Fcomments&post=76771"}],"version-history":[{"count":1,"href":"https:\/\/zonaroja.com.mx\/index.php?rest_route=\/wp\/v2\/posts\/76771\/revisions"}],"predecessor-version":[{"id":76773,"href":"https:\/\/zonaroja.com.mx\/index.php?rest_route=\/wp\/v2\/posts\/76771\/revisions\/76773"}],"wp:featuredmedia":[{"embeddable":true,"href":"https:\/\/zonaroja.com.mx\/index.php?rest_route=\/wp\/v2\/media\/76772"}],"wp:attachment":[{"href":"https:\/\/zonaroja.com.mx\/index.php?rest_route=%2Fwp%2Fv2%2Fmedia&parent=76771"}],"wp:term":[{"taxonomy":"category","embeddable":true,"href":"https:\/\/zonaroja.com.mx\/index.php?rest_route=%2Fwp%2Fv2%2Fcategories&post=76771"},{"taxonomy":"post_tag","embeddable":true,"href":"https:\/\/zonaroja.com.mx\/index.php?rest_route=%2Fwp%2Fv2%2Ftags&post=76771"}],"curies":[{"name":"wp","href":"https:\/\/api.w.org\/{rel}","templated":true}]}}