{"id":76779,"date":"2025-01-23T07:39:41","date_gmt":"2025-01-23T13:39:41","guid":{"rendered":"https:\/\/zonaroja.com.mx\/?p=76779"},"modified":"2025-01-23T07:39:43","modified_gmt":"2025-01-23T13:39:43","slug":"ejecutan-a-individuo-en-centro-de-pochutla-oaxaca","status":"publish","type":"post","link":"https:\/\/zonaroja.com.mx\/?p=76779","title":{"rendered":"Ejecutan a individuo en centro de Pochutla, Oaxaca"},"content":{"rendered":"\n<p>Raymundo Morales\/Zona Roja.<\/p>\n\n\n\n<p>Oaxaca de Ju\u00e1rez, Oax., a 23 de enero de 2025.- Una persona del sexo masculino fue asesinada anoche en pleno centro de San Pedro Pochutla, municipio de la regi\u00f3n Costa del estado de Oaxaca.<\/p>\n\n\n\n<p>El hoy occiso caminaba sobre la calle Jamaica cuando otro individuo se le acerc\u00f3 con un arma de fuego, tras lo cual lo acribill\u00f3 de manera directa y huy\u00f3.<\/p>\n\n\n\n<p>Pese a que el crimen se perpetr\u00f3 en c\u00e9ntricas calles, de lento tr\u00e1nsito debido a la orograf\u00eda, no hab\u00eda polic\u00edas municipales para efectuar operativos de b\u00fasqueda en la zona y s\u00f3lo llegaron para acordonar el sitio.<\/p>\n\n\n\n<p>Personal de la Vicefiscal\u00eda Regional de la Costa arrib\u00f3 al lugar para iniciar las investigaciones correspondientes, con la finalidad de dar con el responsable y llevarlo ante la justicia.<\/p>\n\n\n\n<p>Pese a que desde el 1 de enero Pochutla cuenta con nuevo presidente municipal, hasta ahora el edil Amado Rodr\u00edguez Jij\u00f3n no ha implementado ninguna acci\u00f3n en materia de seguridad, a pesar de que en dicho municipio de manera frecuente ocurren homicidios.<\/p>\n","protected":false},"excerpt":{"rendered":"<p>Raymundo Morales\/Zona Roja. Oaxaca de Ju\u00e1rez, Oax., a 23 de enero de 2025.- Una persona&hellip;<\/p>\n","protected":false},"author":2,"featured_media":76780,"comment_status":"closed","ping_status":"open","sticky":false,"template":"","format":"standard","meta":{"_lmt_disableupdate":"","_lmt_disable":"","_jetpack_memberships_contains_paid_content":false,"footnotes":""},"categories":[109,51],"tags":[151],"class_list":["post-76779","post","type-post","status-publish","format-standard","has-post-thumbnail","hentry","category-minuto-a-minuto","category-zona-roja","tag-san-pedro-pochutla"],"jetpack_featured_media_url":"https:\/\/zonaroja.com.mx\/wp-content\/uploads\/2025\/01\/Asesinado-San-Pedro-Pochutla-1.jpg","jetpack_sharing_enabled":true,"_links":{"self":[{"href":"https:\/\/zonaroja.com.mx\/index.php?rest_route=\/wp\/v2\/posts\/76779","targetHints":{"allow":["GET"]}}],"collection":[{"href":"https:\/\/zonaroja.com.mx\/index.php?rest_route=\/wp\/v2\/posts"}],"about":[{"href":"https:\/\/zonaroja.com.mx\/index.php?rest_route=\/wp\/v2\/types\/post"}],"author":[{"embeddable":true,"href":"https:\/\/zonaroja.com.mx\/index.php?rest_route=\/wp\/v2\/users\/2"}],"replies":[{"embeddable":true,"href":"https:\/\/zonaroja.com.mx\/index.php?rest_route=%2Fwp%2Fv2%2Fcomments&post=76779"}],"version-history":[{"count":1,"href":"https:\/\/zonaroja.com.mx\/index.php?rest_route=\/wp\/v2\/posts\/76779\/revisions"}],"predecessor-version":[{"id":76781,"href":"https:\/\/zonaroja.com.mx\/index.php?rest_route=\/wp\/v2\/posts\/76779\/revisions\/76781"}],"wp:featuredmedia":[{"embeddable":true,"href":"https:\/\/zonaroja.com.mx\/index.php?rest_route=\/wp\/v2\/media\/76780"}],"wp:attachment":[{"href":"https:\/\/zonaroja.com.mx\/index.php?rest_route=%2Fwp%2Fv2%2Fmedia&parent=76779"}],"wp:term":[{"taxonomy":"category","embeddable":true,"href":"https:\/\/zonaroja.com.mx\/index.php?rest_route=%2Fwp%2Fv2%2Fcategories&post=76779"},{"taxonomy":"post_tag","embeddable":true,"href":"https:\/\/zonaroja.com.mx\/index.php?rest_route=%2Fwp%2Fv2%2Ftags&post=76779"}],"curies":[{"name":"wp","href":"https:\/\/api.w.org\/{rel}","templated":true}]}}