{"id":76782,"date":"2025-01-23T10:01:00","date_gmt":"2025-01-23T16:01:00","guid":{"rendered":"https:\/\/zonaroja.com.mx\/?p=76782"},"modified":"2025-01-23T08:02:31","modified_gmt":"2025-01-23T14:02:31","slug":"denuncian-falta-de-medicos-en-comunidad-de-la-mixteca-oaxaquena","status":"publish","type":"post","link":"https:\/\/zonaroja.com.mx\/?p=76782","title":{"rendered":"Denuncian falta de m\u00e9dicos en comunidad de la Mixteca oaxaque\u00f1a"},"content":{"rendered":"\n<p>Ismael Garc\u00eda M.\/Zona Roja.<\/p>\n\n\n\n<p>Oaxaca de Ju\u00e1rez, Oax., a 23 de enero de 2025.- La comunidad de Zimatl\u00e1n de L\u00e1zaro C\u00e1rdenas, en la regi\u00f3n Mixteca de Oaxaca, denunci\u00f3 la falta de personal m\u00e9dico y el cierre de la cl\u00ednica local, perteneciente al IMSS.<\/p>\n\n\n\n<p>Con el respaldo del Centro de Derechos Humanos y asesor\u00eda a Pueblos Ind\u00edgenas (Cedhapi), dio a conocer que el pasado 18 de septiembre de 2024, la asamblea decidi\u00f3 cerrar de manera simb\u00f3lica la cl\u00ednica en dicha agencia, perteneciente al municipio de Putla Villa de Guerrero.<\/p>\n\n\n\n<p>Lo anterior para exigir el cambio de personal m\u00e9dico por diversas anomal\u00edas y maltrato a los vecinos, por lo cual con fecha 19 de septiembre del 2024, se realizo una reuni\u00f3n con autoridades del IMSS-Bienestar y de la comunidad&nbsp;de Zimatl\u00e1n de L\u00e1zaro C\u00e1rdenas en la casa de cultura de Putla de Guerrero Oaxaca.<\/p>\n\n\n\n<p>Con la presencia del presidente municipal de Putla, se comprometieron que cambiar\u00edan el personal m\u00e9dico y equipar\u00edan dicha cl\u00ednica; a pesar de ello han transcurrido m\u00e1s de cuatro meses, sin que se haya reabierto dicha cl\u00ednica.<\/p>\n\n\n\n<p>Cabe referir que la comunidad de Zimatl\u00e1n de L\u00e1zaro C\u00e1rdenas cuenta con la medida cautelar MC-102-10 otorgada por la Comisi\u00f3n Interamericana de Derechos Humanos&nbsp;desde el a\u00f1o 2010 y que dicha medida cautelar beneficia a todos los habitantes, siendo el &nbsp;derecho a la salud, un derecho esencial del cual se les est\u00e1 privando al no enviarse nuevo personal m\u00e9dico a la unidad M\u00e9dica Rural.<\/p>\n\n\n\n<p>\u201cEsta situaci\u00f3n ha sido informada a la Comisi\u00f3n Interamericana de Derechos Humanos oportunamente, as\u00ed como a la Secretar\u00eda de Gobernaci\u00f3n y a la Coordinadora para la Atenci\u00f3n de los Derechos Humanos del Gobierno de Oaxaca, Flor Estela Morales Hern\u00e1ndez.<\/p>\n\n\n\n<p>\u201cAs\u00ed como tambi\u00e9n se ha presentado queja ante la Comisi\u00f3n Nacional de Derechos Humanos, y hasta el momento no ha habido respuesta alguna de parte del gobierno estatal y dederal, violentado el derecho a la salud de los habitantes de Zimatl\u00e1n de L\u00e1zaro C\u00e1rdenas\u201d, detall\u00f3 Cedhapi.<\/p>\n","protected":false},"excerpt":{"rendered":"<p>Ismael Garc\u00eda M.\/Zona Roja. Oaxaca de Ju\u00e1rez, Oax., a 23 de enero de 2025.- La&hellip;<\/p>\n","protected":false},"author":2,"featured_media":76783,"comment_status":"closed","ping_status":"open","sticky":false,"template":"","format":"standard","meta":{"_lmt_disableupdate":"","_lmt_disable":"","_jetpack_memberships_contains_paid_content":false,"footnotes":""},"categories":[109,47],"tags":[4176],"class_list":["post-76782","post","type-post","status-publish","format-standard","has-post-thumbnail","hentry","category-minuto-a-minuto","category-zona-gris","tag-zimatlan-de-lazaro-cardenas"],"jetpack_featured_media_url":"https:\/\/zonaroja.com.mx\/wp-content\/uploads\/2025\/01\/Clinica-Zimatlan-de-Lazaro-Cardenas.jpeg","jetpack_sharing_enabled":true,"_links":{"self":[{"href":"https:\/\/zonaroja.com.mx\/index.php?rest_route=\/wp\/v2\/posts\/76782","targetHints":{"allow":["GET"]}}],"collection":[{"href":"https:\/\/zonaroja.com.mx\/index.php?rest_route=\/wp\/v2\/posts"}],"about":[{"href":"https:\/\/zonaroja.com.mx\/index.php?rest_route=\/wp\/v2\/types\/post"}],"author":[{"embeddable":true,"href":"https:\/\/zonaroja.com.mx\/index.php?rest_route=\/wp\/v2\/users\/2"}],"replies":[{"embeddable":true,"href":"https:\/\/zonaroja.com.mx\/index.php?rest_route=%2Fwp%2Fv2%2Fcomments&post=76782"}],"version-history":[{"count":1,"href":"https:\/\/zonaroja.com.mx\/index.php?rest_route=\/wp\/v2\/posts\/76782\/revisions"}],"predecessor-version":[{"id":76784,"href":"https:\/\/zonaroja.com.mx\/index.php?rest_route=\/wp\/v2\/posts\/76782\/revisions\/76784"}],"wp:featuredmedia":[{"embeddable":true,"href":"https:\/\/zonaroja.com.mx\/index.php?rest_route=\/wp\/v2\/media\/76783"}],"wp:attachment":[{"href":"https:\/\/zonaroja.com.mx\/index.php?rest_route=%2Fwp%2Fv2%2Fmedia&parent=76782"}],"wp:term":[{"taxonomy":"category","embeddable":true,"href":"https:\/\/zonaroja.com.mx\/index.php?rest_route=%2Fwp%2Fv2%2Fcategories&post=76782"},{"taxonomy":"post_tag","embeddable":true,"href":"https:\/\/zonaroja.com.mx\/index.php?rest_route=%2Fwp%2Fv2%2Ftags&post=76782"}],"curies":[{"name":"wp","href":"https:\/\/api.w.org\/{rel}","templated":true}]}}