{"id":76788,"date":"2025-01-23T12:10:00","date_gmt":"2025-01-23T18:10:00","guid":{"rendered":"https:\/\/zonaroja.com.mx\/?p=76788"},"modified":"2025-01-23T08:11:05","modified_gmt":"2025-01-23T14:11:05","slug":"recibe-oaxaca-en-espana-premio-espiritu-de-excelencia-por-guelaguetzas-regionales","status":"publish","type":"post","link":"https:\/\/zonaroja.com.mx\/?p=76788","title":{"rendered":"Recibe Oaxaca en Espa\u00f1a Premio Esp\u00edritu de Excelencia por Guelaguetzas Regionales"},"content":{"rendered":"\n<p>Redacci\u00f3n\/Zona Roja.<\/p>\n\n\n\n<p>Oaxaca de Ju\u00e1rez, Oax., a 23 de enero de 2025.- En el marco de la participaci\u00f3n de Oaxaca en la Feria Internacional de Turismo (Fitur) 2025 de Madrid, Espa\u00f1a, la entidad fue galardonada con el Premio Excelencias 2024 \u201cEsp\u00edritu de Excelencia\u201d por Guelaguetzas Regionales: herramienta de reconciliaci\u00f3n social y compromiso con la identidad de los pueblos originarios.<\/p>\n\n\n\n<p>En representaci\u00f3n del gobernador Salom\u00f3n Jara Cruz, la titular de la Secretar\u00eda de Turismo (Sectur), Saymi Pineda Velasco destac\u00f3 que este premio es el resultado del trabajo de promoci\u00f3n que la dependencia realiza para posicionar a Oaxaca en los mercados tur\u00edsticos internacionales m\u00e1s importantes y para impulsar esta actividad como un motor de desarrollo econ\u00f3mico y social.<\/p>\n\n\n\n<p>A\u00f1adi\u00f3 que las Guelaguetzas Regionales son una iniciativa de la Primavera Oaxaque\u00f1a como un importante foro de difusi\u00f3n para celebrar las tradiciones, costumbres, m\u00fasica, danzas, cultura y artes de los pueblos originarios; que contribuye a su preservaci\u00f3n, promovi\u00e9ndolas como una herramienta para la inclusi\u00f3n y reconciliaci\u00f3n social que reflejan la riqueza cultural de los 16 grupos \u00e9tnicos y el pueblo afromexicano.<\/p>\n\n\n\n<p>El presidente del Grupo Excelencias, Jos\u00e9 Carlos de Santiago se\u00f1al\u00f3 que el galard\u00f3n fue determinado por un jurado compuesto por personalidades internacionales del turismo, arte y gastronom\u00eda, quienes seleccionaron a los ganadores de entre un extenso listado de candidatos.<\/p>\n\n\n\n<p>\u00abEn esta ocasi\u00f3n, debido a las caracter\u00edsticas del proyecto, se ha decidido otorgar este premio bajo el nombre de Esp\u00edritu de Excelencia, ya que refleja todos los valores que representa el Grupo Excelencias\u00bb, dijo.<\/p>\n\n\n\n<p>Cabe destacar que estos premios fueron creados en el a\u00f1o 2005, con el objetivo de fomentar la excelencia en Iberoam\u00e9rica y el Caribe, en todos los \u00e1mbitos de la sociedad relacionados con el turismo, la gastronom\u00eda y cultura. Actualmente, son un referente para el sector del turismo y los viajes.<\/p>\n\n\n\n<p>CONCRETA VUELO<\/p>\n\n\n\n<p>Por otra parte, la secretaria de Turismo de Oaxaca (Sectur), Saymi Pineda Velasco inform\u00f3 que, en el marco de la participaci\u00f3n de Oaxaca en la Feria Internacional de Turismo (Fitur) 2025 en Madrid, se logr\u00f3 un acuerdo que permite incrementar la conexi\u00f3n a\u00e9rea internacional del estado, mediante un vuelo directo de la ciudad de Guatemala a Huatulco.<\/p>\n\n\n\n<p>Detall\u00f3 que luego de una reuni\u00f3n con la presidenta y CEO de la empresa Tag Airlines, Marcela Toriello, y el director comercial, Francisco Pahul, se concret\u00f3 la nueva ruta a\u00e9rea, que funcionar\u00e1 con una aeronave con capacidad para 72 personas pasajeras, los jueves y domingo, durante los meses de julio, noviembre y diciembre de 2025.<\/p>\n\n\n\n<p>La apertura de estos nuevos vuelos es el resultado de un trabajo conjunto que comenz\u00f3 en Fitur 2023, con la firma de una Carta de Entendimiento entre la dependencia estatal y la aerol\u00ednea, que hoy se materializa con la implementaci\u00f3n de esta nueva ruta.<\/p>\n\n\n\n<p>Esta aerol\u00ednea es una empresa guatemalteca que, desde hace m\u00e1s de 50 a\u00f1os, se dedica a satisfacer las necesidades de transporte a\u00e9reo, prestando servicios de aviaci\u00f3n comercial y privada a nivel nacional e internacional.<\/p>\n\n\n\n<p>DESTINO REFERENTE&nbsp;<\/p>\n\n\n\n<p>En ese contexto, Oaxaca inici\u00f3 su participaci\u00f3n en la 45 edici\u00f3n de la Feria Internacional de Turismo (Fitur) 2025, que se celebra del 22 al 26 de enero en el recinto Instituci\u00f3n Ferial de Madrid (Ifema).<\/p>\n\n\n\n<p>En este evento, representa una importante plataforma para posicionar a Oaxaca como un destino tur\u00edstico de clase mundial, presentando su riqueza cultural y natural ante compradores internacionales y aliados estrat\u00e9gicos.&nbsp;<\/p>\n\n\n\n<p>Con la representaci\u00f3n del Gobernador Salom\u00f3n Jara Cruz, la secretaria de Turismo (Sectur- Oaxaca), Saymi Pineda Velasco particip\u00f3 en la ceremonia de inauguraci\u00f3n del pabell\u00f3n de M\u00e9xico, encabezada por su hom\u00f3loga del Gobierno de M\u00e9xico, Josefina Rodr\u00edguez Zamora.<\/p>\n\n\n\n<p>\u201cLa presencia de Oaxaca en la Fitur 2025 se basa en fortalecer y expandir la red de contactos comerciales, as\u00ed como promocionar de manera directa los productos tur\u00edsticos ante un mercado tan relevante como el europeo\u201d, destac\u00f3.<\/p>\n\n\n\n<p>Enfatiz\u00f3 que Europa representa un mercado estrat\u00e9gico para M\u00e9xico y se\u00f1al\u00f3 que, en 2024, 340 mil turistas espa\u00f1oles visitaron el pa\u00eds, consolidando a Espa\u00f1a como el quinto emisor m\u00e1s importante, y el cuarto para el estado de Oaxaca.&nbsp;<\/p>\n\n\n\n<p>En el caso de Oaxaca, Europa es, despu\u00e9s de Estados Unidos, la segunda regi\u00f3n emisora m\u00e1s importante de turistas; de esa regi\u00f3n: Espa\u00f1a, Francia y Alemania lideran las visitas, seguidos de Inglaterra, Polonia, Italia y Holanda.<\/p>\n","protected":false},"excerpt":{"rendered":"<p>Redacci\u00f3n\/Zona Roja. Oaxaca de Ju\u00e1rez, Oax., a 23 de enero de 2025.- En el marco&hellip;<\/p>\n","protected":false},"author":2,"featured_media":76789,"comment_status":"closed","ping_status":"open","sticky":false,"template":"","format":"standard","meta":{"_lmt_disableupdate":"","_lmt_disable":"","_jetpack_memberships_contains_paid_content":false,"footnotes":""},"categories":[109,46],"tags":[2714,1031],"class_list":["post-76788","post","type-post","status-publish","format-standard","has-post-thumbnail","hentry","category-minuto-a-minuto","category-zona-blanca","tag-saymi-pineda-velasco","tag-secretaria-de-turismo-oaxaca"],"jetpack_featured_media_url":"https:\/\/zonaroja.com.mx\/wp-content\/uploads\/2025\/01\/Recibe-Oaxaca-Premio-Espiritu-de-Excelencia-por-Guelaguetzas-Regionales-1.jpeg","jetpack_sharing_enabled":true,"_links":{"self":[{"href":"https:\/\/zonaroja.com.mx\/index.php?rest_route=\/wp\/v2\/posts\/76788","targetHints":{"allow":["GET"]}}],"collection":[{"href":"https:\/\/zonaroja.com.mx\/index.php?rest_route=\/wp\/v2\/posts"}],"about":[{"href":"https:\/\/zonaroja.com.mx\/index.php?rest_route=\/wp\/v2\/types\/post"}],"author":[{"embeddable":true,"href":"https:\/\/zonaroja.com.mx\/index.php?rest_route=\/wp\/v2\/users\/2"}],"replies":[{"embeddable":true,"href":"https:\/\/zonaroja.com.mx\/index.php?rest_route=%2Fwp%2Fv2%2Fcomments&post=76788"}],"version-history":[{"count":1,"href":"https:\/\/zonaroja.com.mx\/index.php?rest_route=\/wp\/v2\/posts\/76788\/revisions"}],"predecessor-version":[{"id":76790,"href":"https:\/\/zonaroja.com.mx\/index.php?rest_route=\/wp\/v2\/posts\/76788\/revisions\/76790"}],"wp:featuredmedia":[{"embeddable":true,"href":"https:\/\/zonaroja.com.mx\/index.php?rest_route=\/wp\/v2\/media\/76789"}],"wp:attachment":[{"href":"https:\/\/zonaroja.com.mx\/index.php?rest_route=%2Fwp%2Fv2%2Fmedia&parent=76788"}],"wp:term":[{"taxonomy":"category","embeddable":true,"href":"https:\/\/zonaroja.com.mx\/index.php?rest_route=%2Fwp%2Fv2%2Fcategories&post=76788"},{"taxonomy":"post_tag","embeddable":true,"href":"https:\/\/zonaroja.com.mx\/index.php?rest_route=%2Fwp%2Fv2%2Ftags&post=76788"}],"curies":[{"name":"wp","href":"https:\/\/api.w.org\/{rel}","templated":true}]}}