{"id":76799,"date":"2025-01-23T18:33:07","date_gmt":"2025-01-24T00:33:07","guid":{"rendered":"https:\/\/zonaroja.com.mx\/?p=76799"},"modified":"2025-01-23T18:33:09","modified_gmt":"2025-01-24T00:33:09","slug":"disputan-escuela-en-mitla-en-vispera-de-visita-de-claudia-sheinbaum","status":"publish","type":"post","link":"https:\/\/zonaroja.com.mx\/?p=76799","title":{"rendered":"Disputan escuela en Mitla, en v\u00edspera de visita de Claudia Sheinbaum"},"content":{"rendered":"\n<p>Redacci\u00f3n\/Zona Roja.<\/p>\n\n\n\n<p>San Pablo Villa de Mitla, Oax., a 23 de enero 2025.- Padres y madres de familia de la Escuela Secundaria \u201cJaime Torres Bodet\u201d de este municipio, denunciaron que al interior del plantel se pretende llevar a cabo, de forma arbitraria y unilateral, una \u201cpurga\u201d de profesores por parte de la nueva subdirectora Minerva Santiago Mestas, con la anuencia del director, Manuel Loaeza Boh\u00f3rquez, por el solo hecho de ser identificados como integrantes de la Secci\u00f3n 59 magisterial.<\/p>\n\n\n\n<p>Cabe recordar que esta instituci\u00f3n educativa, fundada hace 50 a\u00f1os, se dio a conocer ampliamente durante el conflicto pol\u00edtico-magisterial de la APPO, en 2006, debido a que la comunidad de Mitla junto con la asociaci\u00f3n de padres de familia defendi\u00f3 el derecho a la educaci\u00f3n del estudiantado, y optaron por salirse de la secci\u00f3n 22 para adherirse a la secci\u00f3n 59 magisterial, a fin evitar el cierre del plantel y la suspensi\u00f3n de clases.<\/p>\n\n\n\n<p>Ahora, 18 a\u00f1os despu\u00e9s, varios profesores viven un clima de hostigamiento desde el pasado 15 de enero, cuando con la complacencia de la presidenta del Comit\u00e9 de Padres de Familia, pero sin consultarle a estos, la subdirectora ha solicitado a las autoridades educativas la remoci\u00f3n de varios profesores bajo la consigna de que el plantel quede nuevamente en poder de la Secci\u00f3n 22.<\/p>\n\n\n\n<p>Lo anterior, haciendo a un lado a la asamblea de padres de familia que desde aquellos tiempos de la autodenominada APPO, acordaron ser vigilantes del desempe\u00f1o de las y los maestros a fin de mantener la calidad educativa que ha caracterizado a la instituci\u00f3n de nivel secundaria, y son ellos quienes, en todo caso, solicitan los cambios, dependiendo del desempe\u00f1o de cada profesor.<\/p>\n\n\n\n<p>A trav\u00e9s de las redes sociales, tutores han denunciado diversas irregularidades como la sucedida en d\u00edas pasados, cuando fueron convocados a un tequio donde la directiva de la escuela les pidi\u00f3 firmar hojas en blanco que pretendieron utilizar para avalar el cambio de centro de trabajo de profesores identificados con la Secci\u00f3n 59.<\/p>\n\n\n\n<p>A la fecha, los profesores que pretenden ser removidos han sido objeto de distintas formas de hostigamiento como dejarles sin aula a fin de que no puedan dar clases.<\/p>\n\n\n\n<p>Llama la atenci\u00f3n, expresaron padres de familia, que dicha situaci\u00f3n se presente en los primeros d\u00edas de la administraci\u00f3n del nuevo presidente municipal de Mitla, Esa\u00fa L\u00f3pez Quero, y que quien opere dicho movimiento sea la subdirectora Minerva Santiago Mestas, hermana del Regidor de Educaci\u00f3n municipal.<\/p>\n\n\n\n<p>Ante tal situaci\u00f3n, padres y madres de familia piden al titular del Instituto Estatal de Educaci\u00f3n P\u00fablica de Oaxaca (IEEPO), Emilio Montero P\u00e9rez, intervenir a la mayor brevedad para llegar a una soluci\u00f3n pac\u00edfica y as\u00ed evitar las afectaciones en clases tanto al alumnado como al profesorado que ha mostrado su compromiso con el quehacer educativo en las aulas.<\/p>\n","protected":false},"excerpt":{"rendered":"<p>Redacci\u00f3n\/Zona Roja. San Pablo Villa de Mitla, Oax., a 23 de enero 2025.- Padres y&hellip;<\/p>\n","protected":false},"author":2,"featured_media":76800,"comment_status":"closed","ping_status":"open","sticky":false,"template":"","format":"standard","meta":{"_lmt_disableupdate":"","_lmt_disable":"","_jetpack_memberships_contains_paid_content":false,"footnotes":""},"categories":[109,47],"tags":[1127],"class_list":["post-76799","post","type-post","status-publish","format-standard","has-post-thumbnail","hentry","category-minuto-a-minuto","category-zona-gris","tag-san-pablo-villa-de-mitla"],"jetpack_featured_media_url":"https:\/\/zonaroja.com.mx\/wp-content\/uploads\/2025\/01\/Secundaria-Torres-Bodet-Mitla.jpg","jetpack_sharing_enabled":true,"_links":{"self":[{"href":"https:\/\/zonaroja.com.mx\/index.php?rest_route=\/wp\/v2\/posts\/76799","targetHints":{"allow":["GET"]}}],"collection":[{"href":"https:\/\/zonaroja.com.mx\/index.php?rest_route=\/wp\/v2\/posts"}],"about":[{"href":"https:\/\/zonaroja.com.mx\/index.php?rest_route=\/wp\/v2\/types\/post"}],"author":[{"embeddable":true,"href":"https:\/\/zonaroja.com.mx\/index.php?rest_route=\/wp\/v2\/users\/2"}],"replies":[{"embeddable":true,"href":"https:\/\/zonaroja.com.mx\/index.php?rest_route=%2Fwp%2Fv2%2Fcomments&post=76799"}],"version-history":[{"count":1,"href":"https:\/\/zonaroja.com.mx\/index.php?rest_route=\/wp\/v2\/posts\/76799\/revisions"}],"predecessor-version":[{"id":76801,"href":"https:\/\/zonaroja.com.mx\/index.php?rest_route=\/wp\/v2\/posts\/76799\/revisions\/76801"}],"wp:featuredmedia":[{"embeddable":true,"href":"https:\/\/zonaroja.com.mx\/index.php?rest_route=\/wp\/v2\/media\/76800"}],"wp:attachment":[{"href":"https:\/\/zonaroja.com.mx\/index.php?rest_route=%2Fwp%2Fv2%2Fmedia&parent=76799"}],"wp:term":[{"taxonomy":"category","embeddable":true,"href":"https:\/\/zonaroja.com.mx\/index.php?rest_route=%2Fwp%2Fv2%2Fcategories&post=76799"},{"taxonomy":"post_tag","embeddable":true,"href":"https:\/\/zonaroja.com.mx\/index.php?rest_route=%2Fwp%2Fv2%2Ftags&post=76799"}],"curies":[{"name":"wp","href":"https:\/\/api.w.org\/{rel}","templated":true}]}}