{"id":76802,"date":"2025-01-23T19:47:43","date_gmt":"2025-01-24T01:47:43","guid":{"rendered":"https:\/\/zonaroja.com.mx\/?p=76802"},"modified":"2025-01-23T19:47:45","modified_gmt":"2025-01-24T01:47:45","slug":"por-fin-y-23-anos-despues-terminan-supercarretera-oaxaca-istmo","status":"publish","type":"post","link":"https:\/\/zonaroja.com.mx\/?p=76802","title":{"rendered":"\u00a1Por fin! Y 23 a\u00f1os despu\u00e9s, terminan supercarretera Oaxaca-Istmo"},"content":{"rendered":"\n<p>Redacci\u00f3n\/Zona Roja.&nbsp;<\/p>\n\n\n\n<p>Oaxaca de Ju\u00e1rez, Oax. 23 de enero de 2025.- Luego de 23 a\u00f1os, Oaxaca contar\u00e1 con una nueva infraestructura vial al Istmo de Tehuantepec con una longitud de 169 kil\u00f3metros, que mejorar\u00e1 la movilidad de las personas, productos y servicios, convirti\u00e9ndolo as\u00ed en el motor de desarrollo del sur sureste de M\u00e9xico.<\/p>\n\n\n\n<p>La Presidenta Claudia Sheinbaum Pardo y el gobernador Salom\u00f3n Jara Cruz cumplir\u00e1n el sue\u00f1o de las y los oaxaque\u00f1os con la apertura de la supercarretera Mitla-Tehuantepec, este viernes 24 de enero.<\/p>\n\n\n\n<p>Esta obra hist\u00f3rica de 32 mil 977 millones de pesos, conectar\u00e1 a la capital del estado con esta regi\u00f3n en un menor tiempo de traslado, que pasar\u00e1 de cuatro horas y media a dos horas y media, favoreciendo a m\u00e1s de 1.4 millones de personas.<\/p>\n\n\n\n<p>Adem\u00e1s, promover\u00e1 la generaci\u00f3n de miles de empleos, que junto al Corredor Interoce\u00e1nico del Istmo de Tehuantepec (CIIT), detonar\u00e1n el turismo y el desarrollo integral y sustentable de la entidad.<\/p>\n\n\n\n<p>La vialidad tipo A2 tiene un ancho de 12 metros para alojar dos carriles de circulaci\u00f3n de 3.5 metros de cada lado, con acotamientos externos de 2.5 metros. Adem\u00e1s de 20 entronques, 65 puentes, 15 puentes inferiores vehiculares, 10 t\u00faneles, 14 viaductos y dos casetas de cobro.<\/p>\n\n\n\n<p>Cabe destacar que, para los trabajos de construcci\u00f3n, se utilizaron 460 m\u00e1quinas y 3 mil 100 personas fueron empleadas.&nbsp;<\/p>\n\n\n\n<p>De manera directa se beneficiar\u00e1n a los municipios de: San Pablo Villa de Mitla, San Lorenzo Albarradas, San Pedro y San Pablo Ayutla, Santo Domingo Tepuxtepec, San Pedro Quiatoni, San Juan Juquila Mixe, Nejapa de Madero, Santiago Lachiguiri, Santa Mar\u00eda Jalapa del Marqu\u00e9s y Santa Mar\u00eda Mixtequilla.<\/p>\n","protected":false},"excerpt":{"rendered":"<p>Redacci\u00f3n\/Zona Roja.&nbsp; Oaxaca de Ju\u00e1rez, Oax. 23 de enero de 2025.- Luego de 23 a\u00f1os,&hellip;<\/p>\n","protected":false},"author":2,"featured_media":76803,"comment_status":"closed","ping_status":"open","sticky":false,"template":"","format":"standard","meta":{"_lmt_disableupdate":"","_lmt_disable":"","_jetpack_memberships_contains_paid_content":false,"footnotes":""},"categories":[109,46],"tags":[2953],"class_list":["post-76802","post","type-post","status-publish","format-standard","has-post-thumbnail","hentry","category-minuto-a-minuto","category-zona-blanca","tag-supercarretera-oaxaca-istmo"],"jetpack_featured_media_url":"https:\/\/zonaroja.com.mx\/wp-content\/uploads\/2025\/01\/Supercarretera-Mitla-Tehuantepec-un-sueno-cumplido-para-las-y-los-oaxaquenos-2.jpg","jetpack_sharing_enabled":true,"_links":{"self":[{"href":"https:\/\/zonaroja.com.mx\/index.php?rest_route=\/wp\/v2\/posts\/76802","targetHints":{"allow":["GET"]}}],"collection":[{"href":"https:\/\/zonaroja.com.mx\/index.php?rest_route=\/wp\/v2\/posts"}],"about":[{"href":"https:\/\/zonaroja.com.mx\/index.php?rest_route=\/wp\/v2\/types\/post"}],"author":[{"embeddable":true,"href":"https:\/\/zonaroja.com.mx\/index.php?rest_route=\/wp\/v2\/users\/2"}],"replies":[{"embeddable":true,"href":"https:\/\/zonaroja.com.mx\/index.php?rest_route=%2Fwp%2Fv2%2Fcomments&post=76802"}],"version-history":[{"count":1,"href":"https:\/\/zonaroja.com.mx\/index.php?rest_route=\/wp\/v2\/posts\/76802\/revisions"}],"predecessor-version":[{"id":76804,"href":"https:\/\/zonaroja.com.mx\/index.php?rest_route=\/wp\/v2\/posts\/76802\/revisions\/76804"}],"wp:featuredmedia":[{"embeddable":true,"href":"https:\/\/zonaroja.com.mx\/index.php?rest_route=\/wp\/v2\/media\/76803"}],"wp:attachment":[{"href":"https:\/\/zonaroja.com.mx\/index.php?rest_route=%2Fwp%2Fv2%2Fmedia&parent=76802"}],"wp:term":[{"taxonomy":"category","embeddable":true,"href":"https:\/\/zonaroja.com.mx\/index.php?rest_route=%2Fwp%2Fv2%2Fcategories&post=76802"},{"taxonomy":"post_tag","embeddable":true,"href":"https:\/\/zonaroja.com.mx\/index.php?rest_route=%2Fwp%2Fv2%2Ftags&post=76802"}],"curies":[{"name":"wp","href":"https:\/\/api.w.org\/{rel}","templated":true}]}}