{"id":76805,"date":"2025-01-23T21:34:37","date_gmt":"2025-01-24T03:34:37","guid":{"rendered":"https:\/\/zonaroja.com.mx\/?p=76805"},"modified":"2025-01-23T21:34:39","modified_gmt":"2025-01-24T03:34:39","slug":"crece-percepcion-de-inseguridad-en-la-ciudad-de-oaxaca","status":"publish","type":"post","link":"https:\/\/zonaroja.com.mx\/?p=76805","title":{"rendered":"Crece percepci\u00f3n de inseguridad en la ciudad de Oaxaca"},"content":{"rendered":"\n<p>Ismael Garc\u00eda M.\/Zona Roja.<\/p>\n\n\n\n<p>Oaxaca de Ju\u00e1rez, Oax., a 23 de enero de 2025.- En el \u00faltimo trimestre del a\u00f1o pasado, la percepci\u00f3n de inseguridad en la ciudad de Oaxaca por parte de los ciudadanos, creci\u00f3 en un casi seis puntos porcentuales.<\/p>\n\n\n\n<p>De acuerdo con la Encuesta Nacional de Seguridad P\u00fablica Urbana (ENSU) del Inegi, en septiembre el 64.3 por ciento de la poblaci\u00f3n se sent\u00eda insegura en la capital del estado, pero en diciembre aument\u00f3 a 70.2 por ciento.<\/p>\n\n\n\n<p>Esta encuesta se levanta cada trimestre en las principales \u00e1reas urbanas del pa\u00eds. El programa ofrece datos de c\u00f3mo la poblaci\u00f3n percibe la seguridad p\u00fablica en su ciudad.<\/p>\n\n\n\n<p>Seg\u00fan el Inegi, el prop\u00f3sito de esta encuesta es informar sobre la percepci\u00f3n de la seguridad p\u00fablica y proporcionar elementos para la toma de decisiones de pol\u00edtica p\u00fablica en esta materia.<\/p>\n\n\n\n<p>A nivel nacional, en diciembre de 2024, el 61.7 % de la poblaci\u00f3n de 18 a\u00f1os y m\u00e1s, residente en 91 \u00e1reas urbanas (ciudades) de inter\u00e9s, consider\u00f3 que es inseguro vivir en su ciudad.&nbsp;<\/p>\n\n\n\n<p>Lo anterior es un cambio estad\u00edsticamente significativo al comparar con septiembre (58.6 %) de 2024 y diciembre (59.1 %) de 2023.&nbsp;<\/p>\n\n\n\n<p>En esta edici\u00f3n del \u00faltimo trimestre del a\u00f1o pasado, 22 \u00e1reas urbanas de inter\u00e9s presentaron cambios estad\u00edsticamente significativos frente a septiembre de 2024: 4 con reducciones y 18 con incrementos.<\/p>\n\n\n\n<p>\u00danicamente Ixtapa Zihuatanejo, Guerrero; Apodaca, Nuevo Le\u00f3n; Veracruz, Veracruz, y Coatzacoalcos, Veracruz, registraron disminuciones en los porcentajes de percepci\u00f3n de inseguridad.<\/p>\n\n\n\n<p>Las ciudades donde m\u00e1s poblaci\u00f3n sinti\u00f3 inseguridad fueron: Villahermosa (95.3 %), Uruapan (92.5 %), Fresnillo (90.9 %), Culiac\u00e1n Rosales (90.6 %), Tuxtla Guti\u00e9rrez (90.6 %) y Tapachula (90.1 %).<\/p>\n\n\n\n<p>El 68.9 % de la poblaci\u00f3n manifest\u00f3 sentirse insegura en los cajeros autom\u00e1ticos localizados en la v\u00eda p\u00fablica y 63.0 %, en el transporte p\u00fablico.<\/p>\n\n\n\n<p>En contraste, las \u00e1reas urbanas con menores porcentajes de percepci\u00f3n de inseguridad fueron: San Pedro Garza Garc\u00eda, con 14.0; Piedras Negras, con 18.7; Benito Ju\u00e1rez, con 20.7; Saltillo, con 23.0; Los Mochis, con 24.6, y Los Cabos, con 25.1.<\/p>\n\n\n\n<p>En diciembre de 2024, de la poblaci\u00f3n de 18 a\u00f1os y m\u00e1s, residente en las \u00e1reas urbanas de inter\u00e9s, el 30.9 % consider\u00f3 que, en los pr\u00f3ximos 12 meses, la situaci\u00f3n de la delincuencia e inseguridad en su ciudad seguir\u00e1 igual de mal; mientras que, 21.6 % de la poblaci\u00f3n refiri\u00f3 que la situaci\u00f3n empeorar\u00e1 en los pr\u00f3ximos 12 meses.&nbsp;<\/p>\n\n\n\n<p>En contraste, 16.5 % de la poblaci\u00f3n de 18 a\u00f1os y m\u00e1s dijo que la situaci\u00f3n de la delincuencia e inseguridad en su \u00e1rea urbana seguir\u00e1 igual de bien y 29.8 % manifest\u00f3 que mejorar\u00e1.<\/p>\n","protected":false},"excerpt":{"rendered":"<p>Ismael Garc\u00eda M.\/Zona Roja. Oaxaca de Ju\u00e1rez, Oax., a 23 de enero de 2025.- En&hellip;<\/p>\n","protected":false},"author":2,"featured_media":76806,"comment_status":"closed","ping_status":"open","sticky":false,"template":"","format":"standard","meta":{"_lmt_disableupdate":"","_lmt_disable":"","_jetpack_memberships_contains_paid_content":false,"footnotes":""},"categories":[109,47],"tags":[1287],"class_list":["post-76805","post","type-post","status-publish","format-standard","has-post-thumbnail","hentry","category-minuto-a-minuto","category-zona-gris","tag-encuesta-nacional-de-seguridad-publica-urbana-inegi"],"jetpack_featured_media_url":"https:\/\/zonaroja.com.mx\/wp-content\/uploads\/2025\/01\/Inseguridad-asaltos-delincuente.jpg","jetpack_sharing_enabled":true,"_links":{"self":[{"href":"https:\/\/zonaroja.com.mx\/index.php?rest_route=\/wp\/v2\/posts\/76805","targetHints":{"allow":["GET"]}}],"collection":[{"href":"https:\/\/zonaroja.com.mx\/index.php?rest_route=\/wp\/v2\/posts"}],"about":[{"href":"https:\/\/zonaroja.com.mx\/index.php?rest_route=\/wp\/v2\/types\/post"}],"author":[{"embeddable":true,"href":"https:\/\/zonaroja.com.mx\/index.php?rest_route=\/wp\/v2\/users\/2"}],"replies":[{"embeddable":true,"href":"https:\/\/zonaroja.com.mx\/index.php?rest_route=%2Fwp%2Fv2%2Fcomments&post=76805"}],"version-history":[{"count":1,"href":"https:\/\/zonaroja.com.mx\/index.php?rest_route=\/wp\/v2\/posts\/76805\/revisions"}],"predecessor-version":[{"id":76807,"href":"https:\/\/zonaroja.com.mx\/index.php?rest_route=\/wp\/v2\/posts\/76805\/revisions\/76807"}],"wp:featuredmedia":[{"embeddable":true,"href":"https:\/\/zonaroja.com.mx\/index.php?rest_route=\/wp\/v2\/media\/76806"}],"wp:attachment":[{"href":"https:\/\/zonaroja.com.mx\/index.php?rest_route=%2Fwp%2Fv2%2Fmedia&parent=76805"}],"wp:term":[{"taxonomy":"category","embeddable":true,"href":"https:\/\/zonaroja.com.mx\/index.php?rest_route=%2Fwp%2Fv2%2Fcategories&post=76805"},{"taxonomy":"post_tag","embeddable":true,"href":"https:\/\/zonaroja.com.mx\/index.php?rest_route=%2Fwp%2Fv2%2Ftags&post=76805"}],"curies":[{"name":"wp","href":"https:\/\/api.w.org\/{rel}","templated":true}]}}