{"id":7681,"date":"2020-01-14T21:14:17","date_gmt":"2020-01-15T03:14:17","guid":{"rendered":"http:\/\/www.zonaroja.com.mx\/?p=7681"},"modified":"2020-01-14T21:14:21","modified_gmt":"2020-01-15T03:14:21","slug":"busca-seccion-22-a-maestro-perseguido-politico-que-desaparecio-en-loma","status":"publish","type":"post","link":"https:\/\/zonaroja.com.mx\/?p=7681","title":{"rendered":"Busca Secci\u00f3n 22 a maestro \u201cperseguido\u201d pol\u00edtico, que desapareci\u00f3 en Loma"},"content":{"rendered":"\n<p>Yuridiana\nSosa\/Zona Roja.<\/p>\n\n\n\n<p>Oaxaca de Ju\u00e1rez, Oax.,14 de enero de 2020.- El profesor Fernando Rivera Marcelo, ex l\u00edder sindical, fue reportado como desaparecido por parte de la Secci\u00f3n 22 del Sindicato Nacional de Trabajadores de la Educaci\u00f3n (SNTE).<\/p>\n\n\n\n<p>La gremial se\u00f1al\u00f3\nque el docente fue un \u201cperseguido pol\u00edtico\u201d durante el per\u00edodo del secretario\nGeneral, Rub\u00e9n N\u00fa\u00f1ez Ginez, a quien le giraron una orden de aprehensi\u00f3n por\nsupuestos delitos en el 2015.<\/p>\n\n\n\n<p>La alerta\nsobre la desaparici\u00f3n por parte del sindicato se lanz\u00f3 a menos de 24 horas de\nla \u00faltima vez que fue visto Rivera Macerlo en el municipio de Loma Bonita, en\nla regi\u00f3n de la Cuenca, por lo que solicitaron la colaboraci\u00f3n de la ciudadan\u00eda\npara dar con su paradero.<\/p>\n\n\n\n<p>El profesor\nRivera Marcelo fue visto por \u00faltima vez este lunes 13 de enero entre las 13:30\na 14:00 horas. Mide 1.70 metros, es de tez morena, cabello lacio, canoso.<\/p>\n\n\n\n<p>Al momento\nde su desaparici\u00f3n, vest\u00eda pantal\u00f3n azul marino, camisa manga corta blanca con\ncuello y mangas de borde azul. En tanto, a\u00fan no existe una ficha de b\u00fasqueda\npor parte de la Fiscal\u00eda General del Estado a trav\u00e9s de la unidad de personas\nno localizadas.<\/p>\n\n\n\n<p>La Secci\u00f3n\n22 de la CNTE Exigi\u00f3 a las autoridades realizar las indagatorias para dar con\nel paradero del profesor de manera inmediata.<\/p>\n","protected":false},"excerpt":{"rendered":"<p>Yuridiana Sosa\/Zona Roja. Oaxaca de Ju\u00e1rez, Oax.,14 de enero de 2020.- El profesor Fernando Rivera&hellip;<\/p>\n","protected":false},"author":2,"featured_media":7682,"comment_status":"closed","ping_status":"open","sticky":false,"template":"","format":"standard","meta":{"_lmt_disableupdate":"","_lmt_disable":"","_jetpack_memberships_contains_paid_content":false,"footnotes":""},"categories":[109,47],"tags":[1282],"class_list":["post-7681","post","type-post","status-publish","format-standard","has-post-thumbnail","hentry","category-minuto-a-minuto","category-zona-gris","tag-fernando-rivera-marcelo"],"jetpack_featured_media_url":"https:\/\/zonaroja.com.mx\/wp-content\/uploads\/2020\/01\/Fernando-Rivera-Marcelo.jpg","jetpack_sharing_enabled":true,"_links":{"self":[{"href":"https:\/\/zonaroja.com.mx\/index.php?rest_route=\/wp\/v2\/posts\/7681","targetHints":{"allow":["GET"]}}],"collection":[{"href":"https:\/\/zonaroja.com.mx\/index.php?rest_route=\/wp\/v2\/posts"}],"about":[{"href":"https:\/\/zonaroja.com.mx\/index.php?rest_route=\/wp\/v2\/types\/post"}],"author":[{"embeddable":true,"href":"https:\/\/zonaroja.com.mx\/index.php?rest_route=\/wp\/v2\/users\/2"}],"replies":[{"embeddable":true,"href":"https:\/\/zonaroja.com.mx\/index.php?rest_route=%2Fwp%2Fv2%2Fcomments&post=7681"}],"version-history":[{"count":1,"href":"https:\/\/zonaroja.com.mx\/index.php?rest_route=\/wp\/v2\/posts\/7681\/revisions"}],"predecessor-version":[{"id":7683,"href":"https:\/\/zonaroja.com.mx\/index.php?rest_route=\/wp\/v2\/posts\/7681\/revisions\/7683"}],"wp:featuredmedia":[{"embeddable":true,"href":"https:\/\/zonaroja.com.mx\/index.php?rest_route=\/wp\/v2\/media\/7682"}],"wp:attachment":[{"href":"https:\/\/zonaroja.com.mx\/index.php?rest_route=%2Fwp%2Fv2%2Fmedia&parent=7681"}],"wp:term":[{"taxonomy":"category","embeddable":true,"href":"https:\/\/zonaroja.com.mx\/index.php?rest_route=%2Fwp%2Fv2%2Fcategories&post=7681"},{"taxonomy":"post_tag","embeddable":true,"href":"https:\/\/zonaroja.com.mx\/index.php?rest_route=%2Fwp%2Fv2%2Ftags&post=7681"}],"curies":[{"name":"wp","href":"https:\/\/api.w.org\/{rel}","templated":true}]}}