{"id":76811,"date":"2025-01-24T07:27:51","date_gmt":"2025-01-24T13:27:51","guid":{"rendered":"https:\/\/zonaroja.com.mx\/?p=76811"},"modified":"2025-01-24T07:27:55","modified_gmt":"2025-01-24T13:27:55","slug":"atienden-en-xoxocotlan-problematica-de-violencia-contra-la-mujer","status":"publish","type":"post","link":"https:\/\/zonaroja.com.mx\/?p=76811","title":{"rendered":"Atienden en Xoxocotl\u00e1n problem\u00e1tica de violencia contra la mujer"},"content":{"rendered":"\n<p>Raymundo Morales\/Zona Roja.<\/p>\n\n\n\n<p>Oaxaca de Ju\u00e1rez, Oax., a 24 de enero de 2025.- Con la finalidad de atender y prevenir cualquier tipo de agresi\u00f3n contra las ni\u00f1as y mujeres, el gobierno municipal de Santa Cruz Xoxocotl\u00e1n en coordinaci\u00f3n con el gobierno estatal y el Poder Judicial invitan a la Feria Naranja \u00a1Por un Xoxo sin violencia!.<\/p>\n\n\n\n<p>La cita es este s\u00e1bado 25 de enero, en el parque central de Santa Cruz Xoxocotl\u00e1n, en conmemoraci\u00f3n del D\u00eda Naranja.<\/p>\n\n\n\n<p>De 9:00 a 14:00 horas estar\u00e1 la Feria del Empleo, donde decenas de empresas ofertar\u00e1n sus vacantes disponibles a buscadores de trabajo.<\/p>\n\n\n\n<p>De igual manera, la Feria de Servicios y Atenciones para la Primera Infancia, entre ellos la detecci\u00f3n de c\u00e1ncer infantil, expedici\u00f3n de actas de nacimiento a ni\u00f1os menores de seis a\u00f1os de edad, m\u00f3dulos de vacunaci\u00f3n a infantes, entre otros.<\/p>\n\n\n\n<p>A embarazadas seguimiento m\u00e9dico, as\u00ed como para las dem\u00e1s mujeres exploraci\u00f3n de mamas y pruebas de papanicolaou.<\/p>\n\n\n\n<p>Estar\u00e1 tambi\u00e9n la Feria del Poder Judicial, donde el personal dar\u00e1 informaci\u00f3n sobre los servicios que se ofrecen a trav\u00e9s del Centro de Justicia Alternativa, de la Direcci\u00f3n de Derechos Humanos y Servicios Periciales, entre otros.<\/p>\n\n\n\n<p>Adicional a ello, a las 10:00 horas ser\u00e1 la toma de protesta a las y los integrantes de los Comit\u00e9s de Vecinas y Vecinos Constructores de Paz; y posteriormente a las 10:45 horas la obra teatral \u00abViviendo en soledad\u00bb.<\/p>\n\n\n\n<figure class=\"wp-block-embed is-type-rich is-provider-twitter wp-block-embed-twitter\"><div class=\"wp-block-embed__wrapper\">\n<div class=\"twitter-tweet\"><blockquote class=\"twitter-tweet\" data-lang=\"es\"><p lang=\"es\" dir=\"ltr\">\u00a1Por un Xoxo sin violencia! \ud83e\udde1 El Honorable Ayuntamiento de Santa Cruz Xoxocotl\u00e1n te invita a la Feria Naranja. <br><br>\ud83d\uddd3 S\u00e1bado 25 de enero.<br>\ud83d\udd5b  A partir de las 9:00am.<br>\ud83d\udccd Parque Central de Santa Cruz Xoxocotl\u00e1n.<br><br>Tendremos distintos servicios y actividades para ti como la Feria del\u2026 <a href=\"https:\/\/t.co\/3DFkac0DWy\">pic.twitter.com\/3DFkac0DWy<\/a><\/p>&mdash; Nancy Ben\u00edtez (@Nancy_Benitez_) <a href=\"https:\/\/twitter.com\/Nancy_Benitez_\/status\/1882571066398376309?ref_src=twsrc%5Etfw\">23 de enero de 2025<\/a><\/blockquote><\/div>\n<\/div><\/figure>\n\n\n\n<p>Estas actividades impulsadas por el gobierno municipal que encabeza la presidenta Nancy Ben\u00edtez Z\u00e1rate son organizadas en conjunto con el Poder Judicial, el gobierno estatal a trav\u00e9s de la Secretar\u00eda Ejecutiva del Sistema Local de Protecci\u00f3n Integral de los Derechos de las Ni\u00f1as, Ni\u00f1os y Adolescentes; y la Coordinaci\u00f3n del Servicio Nacional de Empleo Oaxaca.<\/p>\n\n\n\n<p>SOFOCAN INCENDIOS<\/p>\n\n\n\n<p>Por otra parte, elementos de Protecci\u00f3n Civil del ayuntamiento de Santa Cruz Xoxocotl\u00e1n han atendido 60 incendios registrados del 1 al 22 de enero de 2025.<\/p>\n\n\n\n<p>Al apagar el fuego del incendio de pastizales ocurrido el mi\u00e9rcoles en jurisdicci\u00f3n de la agencia de polic\u00eda Ex Garita, de este municipio de Oaxaca, el director de Protecci\u00f3n Civil Municipal, C\u00e9sar Narv\u00e1ez Jarqu\u00edn, inform\u00f3 que el personal de esta dependencia est\u00e1 trabajando permanentemente para atender los reportes.<\/p>\n\n\n\n<p>De acuerdo con el funcionario municipal, del 1 al 22 de enero han atendido oportunamente 60 incendios, para sofocar el fuego, a fin de evitar su propagaci\u00f3n y da\u00f1os a la ciudadan\u00eda.<\/p>\n\n\n\n<p>Expres\u00f3 el compromiso de Protecci\u00f3n Civil hacia la ciudadan\u00eda de atender a tiempo cualquier emergencia para garantizar la integridad f\u00edsica de las personas.<\/p>\n","protected":false},"excerpt":{"rendered":"<p>Raymundo Morales\/Zona Roja. Oaxaca de Ju\u00e1rez, Oax., a 24 de enero de 2025.- Con la&hellip;<\/p>\n","protected":false},"author":2,"featured_media":76812,"comment_status":"closed","ping_status":"open","sticky":false,"template":"","format":"standard","meta":{"_lmt_disableupdate":"","_lmt_disable":"","_jetpack_memberships_contains_paid_content":false,"footnotes":""},"categories":[109,46],"tags":[3376,133],"class_list":["post-76811","post","type-post","status-publish","format-standard","has-post-thumbnail","hentry","category-minuto-a-minuto","category-zona-blanca","tag-nancy-benitez","tag-santa-cruz-xoxocotlan"],"jetpack_featured_media_url":"https:\/\/zonaroja.com.mx\/wp-content\/uploads\/2025\/01\/Nancy-Benitez-2.jpeg","jetpack_sharing_enabled":true,"_links":{"self":[{"href":"https:\/\/zonaroja.com.mx\/index.php?rest_route=\/wp\/v2\/posts\/76811","targetHints":{"allow":["GET"]}}],"collection":[{"href":"https:\/\/zonaroja.com.mx\/index.php?rest_route=\/wp\/v2\/posts"}],"about":[{"href":"https:\/\/zonaroja.com.mx\/index.php?rest_route=\/wp\/v2\/types\/post"}],"author":[{"embeddable":true,"href":"https:\/\/zonaroja.com.mx\/index.php?rest_route=\/wp\/v2\/users\/2"}],"replies":[{"embeddable":true,"href":"https:\/\/zonaroja.com.mx\/index.php?rest_route=%2Fwp%2Fv2%2Fcomments&post=76811"}],"version-history":[{"count":1,"href":"https:\/\/zonaroja.com.mx\/index.php?rest_route=\/wp\/v2\/posts\/76811\/revisions"}],"predecessor-version":[{"id":76813,"href":"https:\/\/zonaroja.com.mx\/index.php?rest_route=\/wp\/v2\/posts\/76811\/revisions\/76813"}],"wp:featuredmedia":[{"embeddable":true,"href":"https:\/\/zonaroja.com.mx\/index.php?rest_route=\/wp\/v2\/media\/76812"}],"wp:attachment":[{"href":"https:\/\/zonaroja.com.mx\/index.php?rest_route=%2Fwp%2Fv2%2Fmedia&parent=76811"}],"wp:term":[{"taxonomy":"category","embeddable":true,"href":"https:\/\/zonaroja.com.mx\/index.php?rest_route=%2Fwp%2Fv2%2Fcategories&post=76811"},{"taxonomy":"post_tag","embeddable":true,"href":"https:\/\/zonaroja.com.mx\/index.php?rest_route=%2Fwp%2Fv2%2Ftags&post=76811"}],"curies":[{"name":"wp","href":"https:\/\/api.w.org\/{rel}","templated":true}]}}