{"id":76814,"date":"2025-01-24T08:15:00","date_gmt":"2025-01-24T14:15:00","guid":{"rendered":"https:\/\/zonaroja.com.mx\/?p=76814"},"modified":"2025-01-24T08:04:16","modified_gmt":"2025-01-24T14:04:16","slug":"edil-perredista-de-pinotepa-desaloja-con-violencia-a-vendedores","status":"publish","type":"post","link":"https:\/\/zonaroja.com.mx\/?p=76814","title":{"rendered":"Edil perredista de Pinotepa desaloja con violencia a vendedores"},"content":{"rendered":"\n<p>Raymundo Morales\/Zona Roja.<\/p>\n\n\n\n<p>Oaxaca de Ju\u00e1rez, Oax., a 24 de enero de 2025.- La autoridad municipal de Santiago Pinotepa Nacional, Oaxaca, orden\u00f3 un desalojo violento de comerciantes de los pasillos del mercado local.<\/p>\n\n\n\n<p>Seg\u00fan los afectados, fue por \u00f3rdenes del presidente municipal H\u00e9ctor Ba\u00f1os Toscano y el s\u00edndico Hacendario Jaziel Fuentes, quienes sin previo di\u00e1logo actuaron con el uso de la fuerza p\u00fablica.<\/p>\n\n\n\n<p>Para ello, utilizaron incluso cartuchos de gas pimienta y efectuaron detenciones, pese a que los vendedores no actuaron con violencia, seg\u00fan dijeron.<\/p>\n\n\n\n<p>\u201c\u00bfEl delito? Ser simples ciudadanos que solo buscaban ganarse la vida vendiendo chiles, bolsas y condimentos\u201d, difundieron los inconformes.<\/p>\n\n\n\n<p>Seg\u00fan dieron a conocer, el desalojo, cargado de violencia y autoritarismo, desat\u00f3 la indignaci\u00f3n de la ciudadan\u00eda, quienes entre gritos aseguraron estar arrepentidos de haber votado por \u201cTot\u00edn\u201d Ba\u00f1os.<\/p>\n\n\n\n<p>\u201cPareciera que el autoritarismo y el abuso son los verdaderos t\u00edtulos que ostentan estos funcionarios. \u00a1As\u00ed las cosas en Pinotepa Nacional, donde ahora no queda m\u00e1s que \u2018disfrutar lo votado\u2019\u201d!, destacaron.<\/p>\n\n\n\n<p>H\u00e9ctor Ba\u00f1os Toscanos inici\u00f3 su mandato el pasado 1 de enero, tras ganar las elecciones de junio pasado con el apoyo de los partidos PRI y PRD.<\/p>\n","protected":false},"excerpt":{"rendered":"<p>Raymundo Morales\/Zona Roja. Oaxaca de Ju\u00e1rez, Oax., a 24 de enero de 2025.- La autoridad&hellip;<\/p>\n","protected":false},"author":2,"featured_media":76819,"comment_status":"closed","ping_status":"open","sticky":false,"template":"","format":"standard","meta":{"_lmt_disableupdate":"","_lmt_disable":"","_jetpack_memberships_contains_paid_content":false,"footnotes":""},"categories":[109,47],"tags":[651],"class_list":["post-76814","post","type-post","status-publish","format-standard","has-post-thumbnail","hentry","category-minuto-a-minuto","category-zona-gris","tag-santiago-pinotepa-nacional"],"jetpack_featured_media_url":"https:\/\/zonaroja.com.mx\/wp-content\/uploads\/2025\/01\/Violencia-comerciantes-Pinotepa-Nacional.jpg","jetpack_sharing_enabled":true,"_links":{"self":[{"href":"https:\/\/zonaroja.com.mx\/index.php?rest_route=\/wp\/v2\/posts\/76814","targetHints":{"allow":["GET"]}}],"collection":[{"href":"https:\/\/zonaroja.com.mx\/index.php?rest_route=\/wp\/v2\/posts"}],"about":[{"href":"https:\/\/zonaroja.com.mx\/index.php?rest_route=\/wp\/v2\/types\/post"}],"author":[{"embeddable":true,"href":"https:\/\/zonaroja.com.mx\/index.php?rest_route=\/wp\/v2\/users\/2"}],"replies":[{"embeddable":true,"href":"https:\/\/zonaroja.com.mx\/index.php?rest_route=%2Fwp%2Fv2%2Fcomments&post=76814"}],"version-history":[{"count":1,"href":"https:\/\/zonaroja.com.mx\/index.php?rest_route=\/wp\/v2\/posts\/76814\/revisions"}],"predecessor-version":[{"id":76820,"href":"https:\/\/zonaroja.com.mx\/index.php?rest_route=\/wp\/v2\/posts\/76814\/revisions\/76820"}],"wp:featuredmedia":[{"embeddable":true,"href":"https:\/\/zonaroja.com.mx\/index.php?rest_route=\/wp\/v2\/media\/76819"}],"wp:attachment":[{"href":"https:\/\/zonaroja.com.mx\/index.php?rest_route=%2Fwp%2Fv2%2Fmedia&parent=76814"}],"wp:term":[{"taxonomy":"category","embeddable":true,"href":"https:\/\/zonaroja.com.mx\/index.php?rest_route=%2Fwp%2Fv2%2Fcategories&post=76814"},{"taxonomy":"post_tag","embeddable":true,"href":"https:\/\/zonaroja.com.mx\/index.php?rest_route=%2Fwp%2Fv2%2Ftags&post=76814"}],"curies":[{"name":"wp","href":"https:\/\/api.w.org\/{rel}","templated":true}]}}