{"id":76821,"date":"2025-01-24T09:04:00","date_gmt":"2025-01-24T15:04:00","guid":{"rendered":"https:\/\/zonaroja.com.mx\/?p=76821"},"modified":"2025-01-24T08:05:28","modified_gmt":"2025-01-24T14:05:28","slug":"inedito-culpan-a-vidrios-polarizados-de-asesinato-en-sinaloa-de-dos-menores-y-su-padre","status":"publish","type":"post","link":"https:\/\/zonaroja.com.mx\/?p=76821","title":{"rendered":"In\u00e9dito: culpan a vidrios polarizados de asesinato en Sinaloa de dos menores y su padre"},"content":{"rendered":"\n<p>Redacci\u00f3n\/Zona Roja Cdmx.<\/p>\n\n\n\n<p>Ciudad de M\u00e9xico, a 24 de enero de 2025.- El director de la primaria S\u00f3crates de Sinaloa, el profesor V\u00edctor Aispuro, critic\u00f3 la justificaci\u00f3n que ofreci\u00f3 el secretario de Seguridad de Sinaloa, \u00d3scar Renter\u00eda, sobre el ataque armado del que fue v\u00edctima una familia y provoc\u00f3 la muerte de dos menores de edad, su padre, y dej\u00f3 en una condici\u00f3n grave a otro menor hermano de las v\u00edctimas.<\/p>\n\n\n\n<p>El secretario de seguridad explic\u00f3 que los hechos ocurridos el pasado domingo 19 de enero en Culiac\u00e1n, Sinaloa, \u201cfue circunstancial\u201d, ya que el veh\u00edculo en que viajaban los integrantes de la familia estaba polarizado y pudo llevar a los civiles armados a atacar la unidad sin necesidad de que buscaran matar a un objetivo en particular.<\/p>\n\n\n\n<p>Justificaci\u00f3n que provoc\u00f3 la molestia de la comunidad, pues a decir por el profesor V\u00edctor Aispuro las familias de Sinaloa tendr\u00edan que tener la posibilidad de salir a cualquier hora del d\u00eda sin temor a que sean v\u00edctimas de los grupos delictivos que se disputan el control del territorio desde hace cuatro meses y que las autoridades no han logrado solucionar.<\/p>\n\n\n\n<p>\u201cNo es motivo, eso no justifica, siento que est\u00e1n justificando lo que pas\u00f3 y eso es un error, es como decir \u2018no pueden salir en la noche\u2019, deber\u00edamos salir a cualquier hora del d\u00eda. No es culpa de la familia, muchas familias salen por un motivo muy especial, pero eso no justificable. Es una respuesta muy pobre del secretario\u201d, dijo el director de la primaria S\u00f3crates de Sinaloa en entrevista con Azucena Uresti por Radio F\u00f3rmula.<\/p>\n\n\n\n<p>El director del centro de estudio coment\u00f3 que desde hace cuatro meses los sinaloenses viven con temor, prueba de ello es que a la instituci\u00f3n llegan a haber 60 alumnos porque es regular que en Culiac\u00e1n se registren balaceras, bloqueos, quema de veh\u00edculos y muchos otros actos delictivos a los que est\u00e1n expuestos qu\u00e9 regularidad la sociedad en general.<\/p>\n\n\n\n<p>\u201cTenemos m\u00e1s de cuatro meses que nunca que ni un solo d\u00eda hemos tenido alumnos completos, siempre tenemos 60, uno o dos alumnos, porque casi todos los d\u00edas amanecemos con muchas balaceras (&#8230;) Ahorita el grito es que ya no ataquen a los ni\u00f1os, que respeten porque la verdad es una psicosis, he tenido personal colapsado que es imposible trabajar con tanto miedo (&#8230;). Ya no se est\u00e1 seguro ni siquiera en la casa, porque cuando o\u00edmos balazos, o es que al vecino de enfrente le quitaron su carro o lo asaltaron o se lo llevaron\u201d, cont\u00f3 sobre el d\u00eda a d\u00eda de lo que ha sido Culiac\u00e1n desde que Los Chapitos y La Mayiza se enfrentan.<\/p>\n\n\n\n<p>LA MEGAMARCHA<\/p>\n\n\n\n<p>Para este jueves, la comunidad de la primaria S\u00f3crates en Culiac\u00e1n, Sinaloa, convoc\u00f3 a una marcha para exigir justicia por el asesinato de dos de sus estudiantes y del padre de los menores.<\/p>\n\n\n\n<p>\u201cComo sociedad sinaloense debemos solidarizarnos con la familia de estos angelitos inocentes. Asimismo, la escuela S\u00f3crates ha decidido tomar acci\u00f3n con el objetivo de que esto no vuelva a pasar\u201d, es parte del mensaje.<\/p>\n\n\n\n<p>El mi\u00e9rcoles, familiares, amigos y maestros acudieron al funeral de Antonio, padre de los dos menores asesinados. Ah\u00ed, los asistentes expresaron su sentir, lamentando la p\u00e9rdida de esta familia.<\/p>\n\n\n\n<p>El d\u00eda del ataque, seg\u00fan algunos testimonios, la familia regresaba a su hogar luego de haber acudido a la casa de su abuela para festejar un cumplea\u00f1os.<\/p>\n\n\n\n<p>(Informaci\u00f3n de Infobae M\u00e9xico)<\/p>\n","protected":false},"excerpt":{"rendered":"<p>Redacci\u00f3n\/Zona Roja Cdmx. Ciudad de M\u00e9xico, a 24 de enero de 2025.- El director de&hellip;<\/p>\n","protected":false},"author":2,"featured_media":76817,"comment_status":"closed","ping_status":"open","sticky":false,"template":"","format":"standard","meta":{"_lmt_disableupdate":"","_lmt_disable":"","_jetpack_memberships_contains_paid_content":false,"footnotes":""},"categories":[109,47],"tags":[4146],"class_list":["post-76821","post","type-post","status-publish","format-standard","has-post-thumbnail","hentry","category-minuto-a-minuto","category-zona-gris","tag-violencia-en-sinaloa"],"jetpack_featured_media_url":"https:\/\/zonaroja.com.mx\/wp-content\/uploads\/2025\/01\/Asesinato-de-dos-menores-Sinaloa.jpg.avif","jetpack_sharing_enabled":true,"_links":{"self":[{"href":"https:\/\/zonaroja.com.mx\/index.php?rest_route=\/wp\/v2\/posts\/76821","targetHints":{"allow":["GET"]}}],"collection":[{"href":"https:\/\/zonaroja.com.mx\/index.php?rest_route=\/wp\/v2\/posts"}],"about":[{"href":"https:\/\/zonaroja.com.mx\/index.php?rest_route=\/wp\/v2\/types\/post"}],"author":[{"embeddable":true,"href":"https:\/\/zonaroja.com.mx\/index.php?rest_route=\/wp\/v2\/users\/2"}],"replies":[{"embeddable":true,"href":"https:\/\/zonaroja.com.mx\/index.php?rest_route=%2Fwp%2Fv2%2Fcomments&post=76821"}],"version-history":[{"count":1,"href":"https:\/\/zonaroja.com.mx\/index.php?rest_route=\/wp\/v2\/posts\/76821\/revisions"}],"predecessor-version":[{"id":76822,"href":"https:\/\/zonaroja.com.mx\/index.php?rest_route=\/wp\/v2\/posts\/76821\/revisions\/76822"}],"wp:featuredmedia":[{"embeddable":true,"href":"https:\/\/zonaroja.com.mx\/index.php?rest_route=\/wp\/v2\/media\/76817"}],"wp:attachment":[{"href":"https:\/\/zonaroja.com.mx\/index.php?rest_route=%2Fwp%2Fv2%2Fmedia&parent=76821"}],"wp:term":[{"taxonomy":"category","embeddable":true,"href":"https:\/\/zonaroja.com.mx\/index.php?rest_route=%2Fwp%2Fv2%2Fcategories&post=76821"},{"taxonomy":"post_tag","embeddable":true,"href":"https:\/\/zonaroja.com.mx\/index.php?rest_route=%2Fwp%2Fv2%2Ftags&post=76821"}],"curies":[{"name":"wp","href":"https:\/\/api.w.org\/{rel}","templated":true}]}}